{"id":1063,"date":"2014-04-30T10:31:07","date_gmt":"2014-04-30T10:31:07","guid":{"rendered":"http:\/\/www.pamplonaortodoncia.com\/?p=1063"},"modified":"2014-05-14T10:17:51","modified_gmt":"2014-05-14T10:17:51","slug":"antibioticos-y-odontologia","status":"publish","type":"post","link":"http:\/\/www.pamplonaortodoncia.com\/?p=1063","title":{"rendered":"Antibi\u00f3ticos y odontolog\u00eda"},"content":{"rendered":"<p>Mucho ha llovido desde que, en 1942, la penicilina G se convirtiese en el primer antibi\u00f3tico de \u00e9xito terap\u00e9utico utilizado en cl\u00ednica, revolucionando as\u00ed el tratamiento de las enfermedades infecciosas en la primera mitad del siglo XX. Desde entonces, la medicina ha ido evolucionando junto a la sociedad a pasos agigantados y, actualmente, el uso de antibi\u00f3ticos est\u00e1 ampliamente generalizado.<\/p>\n<p><a href=\"http:\/\/www.pamplonaortodoncia.com\/wp-content\/uploads\/2014\/04\/antibiotico.jpg\"><img fetchpriority=\"high\" decoding=\"async\" class=\"size-medium wp-image-1069 aligncenter\" alt=\"antibiotico\" src=\"http:\/\/www.pamplonaortodoncia.com\/wp-content\/uploads\/2014\/04\/antibiotico-350x233.jpg\" width=\"350\" height=\"233\" srcset=\"http:\/\/www.pamplonaortodoncia.com\/wp-content\/uploads\/2014\/04\/antibiotico-350x233.jpg 350w, http:\/\/www.pamplonaortodoncia.com\/wp-content\/uploads\/2014\/04\/antibiotico-200x133.jpg 200w, http:\/\/www.pamplonaortodoncia.com\/wp-content\/uploads\/2014\/04\/antibiotico-100x66.jpg 100w, http:\/\/www.pamplonaortodoncia.com\/wp-content\/uploads\/2014\/04\/antibiotico-223x149.jpg 223w, http:\/\/www.pamplonaortodoncia.com\/wp-content\/uploads\/2014\/04\/antibiotico.jpg 630w\" sizes=\"(max-width: 350px) 100vw, 350px\" \/><\/a><\/p>\n<p>&nbsp;<\/p>\n<p><strong>\u00bfQu\u00e9 pasa cuando abusamos de los antibi\u00f3ticos?<br \/>\n<\/strong><\/p>\n<p>Seg\u00fan explican la Dra. Vanessa Blanc y el Dr. Rub\u00e9n Le\u00f3n, del departamento de Microbilog\u00eda de DENTAID, \u201cel abuso de las terapias antimicrobianas, las prescripciones incorrectas y la facilidad con la que las bacterias se adaptan a estas mol\u00e9culas generando resistencias son los principales factores que han inducido a la inutilidad de muchos de los antibi\u00f3ticos desarrollados en el siglo pasado y tambi\u00e9n recientemente\u201d.<\/p>\n<p>&nbsp;<\/p>\n<p>&nbsp;<\/p>\n<p><strong>\u00bfCu\u00e1l es su papel en el campo de la odontodolog\u00eda?<\/strong><br \/>\n\u201cEl desbridamiento mec\u00e1nico del biofilm dental y la eliminaci\u00f3n de los factores locales irritantes son la base de las terapias periodontales, pero estas acciones tienen limitaciones, como la incapacidad de acceder a las zonas profundas y\/o a bolsas irregulares, de eliminar pat\u00f3genos de ciertos nichos y efectos secundarios no deseados como la recesi\u00f3n gingival, la p\u00e9rdida de esmalte y\/o dentina, las sinestesias, etc.<\/p>\n<p>&nbsp;<\/p>\n<p>As\u00ed, el uso de antibi\u00f3ticos se aplica para algunas formas de periodontitis y en ciertos pacientes. En tratamientos preventivos, la profilaxis antibi\u00f3tica se ha justificado en un intento de prevenir las bacteremias y una posible endocarditis bacteriana. No obstante, actualmente cada vez m\u00e1s investigadores abogan por realizar una revisi\u00f3n de los criterios de profilaxis antibi\u00f3tica, sobre todo si tenemos en cuenta que estad\u00edsticamente la probabilidad de causar endocarditis infecciosa con una extracci\u00f3n, incluso en pacientes con cardiopat\u00edas, es de 1 entre 3.000. Adem\u00e1s, estos autores recomiendan el uso de antis\u00e9pticos orales eficaces para evitar la sobreexposici\u00f3n del paciente a antibi\u00f3ticos que, por otra parte, son cada d\u00eda de eficacia m\u00e1s cuestionada\u201d, concluyen Blanc y Le\u00f3n.<\/p>\n<p>Hoy en d\u00eda, los antibi\u00f3ticos m\u00e1s utilizados en odontolog\u00eda son los antibi\u00f3ticos B-lact\u00e1micos (para el tratamiento de infecciones causadas por enterobacterias), el Metronidazol (una mol\u00e9cula de s\u00edntesis qu\u00edmica para el tratamiento de infecciones producidas por Trichomonas vaginalis, aunque tambi\u00e9n presenta elevada actividad bactericida frente a microorganismos anaerobios y microaerof\u00edlicos) y las Lincosamidas (son principalmente bacteriost\u00e1ticas y su actividad bactericida depende de su concentraci\u00f3n).<\/p>\n<p><em><strong>Fuente<\/strong><\/em>:\u00a0<a href=\"http:\/\/blogsaludbucal.es\/antibioticos-y-odontologia\/\">blogsaludbucal.es<\/a><\/p>\n","protected":false},"excerpt":{"rendered":"<p>Mucho ha llovido desde que, en 1942, la penicilina G se convirtiese en el primer antibi\u00f3tico de \u00e9xito terap\u00e9utico utilizado en cl\u00ednica, revolucionando as\u00ed el tratamiento de las enfermedades infecciosas en la primera mitad del siglo XX. Desde entonces, la medicina ha ido evolucionando junto a la sociedad a pasos agigantados y, actualmente, el uso [&hellip;]<\/p>\n","protected":false},"author":3,"featured_media":0,"comment_status":"closed","ping_status":"open","sticky":false,"template":"","format":"standard","meta":{"_monsterinsights_skip_tracking":false,"_monsterinsights_sitenote_active":false,"_monsterinsights_sitenote_note":"","_monsterinsights_sitenote_category":0,"ngg_post_thumbnail":0,"footnotes":""},"categories":[5],"tags":[23,24,25],"class_list":["post-1063","post","type-post","status-publish","format-standard","hentry","category-blog","tag-antibioticos","tag-dientes","tag-odontologia"],"_links":{"self":[{"href":"http:\/\/www.pamplonaortodoncia.com\/index.php?rest_route=\/wp\/v2\/posts\/1063","targetHints":{"allow":["GET"]}}],"collection":[{"href":"http:\/\/www.pamplonaortodoncia.com\/index.php?rest_route=\/wp\/v2\/posts"}],"about":[{"href":"http:\/\/www.pamplonaortodoncia.com\/index.php?rest_route=\/wp\/v2\/types\/post"}],"author":[{"embeddable":true,"href":"http:\/\/www.pamplonaortodoncia.com\/index.php?rest_route=\/wp\/v2\/users\/3"}],"replies":[{"embeddable":true,"href":"http:\/\/www.pamplonaortodoncia.com\/index.php?rest_route=%2Fwp%2Fv2%2Fcomments&post=1063"}],"version-history":[{"count":0,"href":"http:\/\/www.pamplonaortodoncia.com\/index.php?rest_route=\/wp\/v2\/posts\/1063\/revisions"}],"wp:attachment":[{"href":"http:\/\/www.pamplonaortodoncia.com\/index.php?rest_route=%2Fwp%2Fv2%2Fmedia&parent=1063"}],"wp:term":[{"taxonomy":"category","embeddable":true,"href":"http:\/\/www.pamplonaortodoncia.com\/index.php?rest_route=%2Fwp%2Fv2%2Fcategories&post=1063"},{"taxonomy":"post_tag","embeddable":true,"href":"http:\/\/www.pamplonaortodoncia.com\/index.php?rest_route=%2Fwp%2Fv2%2Ftags&post=1063"}],"curies":[{"name":"wp","href":"https:\/\/api.w.org\/{rel}","templated":true}]}}