{"id":1168,"date":"2014-08-18T08:29:52","date_gmt":"2014-08-18T08:29:52","guid":{"rendered":"http:\/\/www.pamplonaortodoncia.com\/?p=1168"},"modified":"2014-07-30T08:39:42","modified_gmt":"2014-07-30T08:39:42","slug":"la-salud-periodontal-y-su-efecto-sobre-la-salud-general","status":"publish","type":"post","link":"http:\/\/www.pamplonaortodoncia.com\/?p=1168","title":{"rendered":"La salud periodontal y su efecto sobre la salud general"},"content":{"rendered":"<p>Las enfermedades periodontales son patolog\u00edas que afectan a la estructura de <a href=\"http:\/\/www.pamplonaortodoncia.com\/wp-content\/uploads\/2014\/07\/images.jpeg\"><img fetchpriority=\"high\" decoding=\"async\" class=\"size-full wp-image-1169 alignright\" alt=\"images\" src=\"http:\/\/www.pamplonaortodoncia.com\/wp-content\/uploads\/2014\/07\/images.jpeg\" width=\"200\" height=\"252\" srcset=\"http:\/\/www.pamplonaortodoncia.com\/wp-content\/uploads\/2014\/07\/images.jpeg 200w, http:\/\/www.pamplonaortodoncia.com\/wp-content\/uploads\/2014\/07\/images-158x200.jpeg 158w, http:\/\/www.pamplonaortodoncia.com\/wp-content\/uploads\/2014\/07\/images-79x100.jpeg 79w, http:\/\/www.pamplonaortodoncia.com\/wp-content\/uploads\/2014\/07\/images-118x149.jpeg 118w\" sizes=\"(max-width: 200px) 100vw, 200px\" \/><\/a>apoyo de los dientes, las enc\u00edas, y tienen una causa infecciosa originada por bacterias.<br \/>\nSeg\u00fan datos proporcionados por la SEPA (Sociedad Espa\u00f1ola de Periodoncia y Osteointegraci\u00f3n), la enfermedad periodontal es la inflamaci\u00f3n de mayor prevalencia en el ser humano. La gingivitis puede afectar a entre un 60%-70% de la poblaci\u00f3n; en Espa\u00f1a, entre el 30%-45% de las personas mayores de 35 a\u00f1os padecen periodontitis moderada, y entre un 4%-8% periodontitis avanzada.<\/p>\n<p><strong>Graves repercusiones<\/strong><\/p>\n<p>El hecho de que la enfermedad periodontal sea una enfermedad b\u00e1sicamente inflamatoria ha hecho que los profesionales la vinculen directamente con el desarrollo de otras enfermedades sist\u00e9micas, siendo avalados por numerosos estudios que as\u00ed lo confirman. De ellos se desprende que las periodontitis inducen un estado de inflamaci\u00f3n sist\u00e9mico en el paciente que favorecer\u00eda m\u00faltiples procesos de origen inflamatorio.<br \/>\nTambi\u00e9n las personas diab\u00e9ticas corren mayores riesgos. Los pacientes con enfermedad periodontal podr\u00edan tener diabetes de tipo 2 con mayor frecuencia que aquellos con las enc\u00edas sanas.<\/p>\n<p><strong>Prevenci\u00f3n<\/strong><\/p>\n<p>Como siempre que hablamos de salud bucal y prevenci\u00f3n de enfermedades relacionadas, la limpieza diaria de nuestra boca es b\u00e1sica y fundamental para prevenir la enfermedad periodontal. Esta debe ser complementada con visitas peri\u00f3dicas al dentista.<\/p>\n<p><span style=\"color: #c0c0c0\">Fuente: blogsaludbucal.es<\/span><\/p>\n","protected":false},"excerpt":{"rendered":"<p>Las enfermedades periodontales son patolog\u00edas que afectan a la estructura de apoyo de los dientes, las enc\u00edas, y tienen una causa infecciosa originada por bacterias. Seg\u00fan datos proporcionados por la SEPA (Sociedad Espa\u00f1ola de Periodoncia y Osteointegraci\u00f3n), la enfermedad periodontal es la inflamaci\u00f3n de mayor prevalencia en el ser humano. La gingivitis puede afectar a [&hellip;]<\/p>\n","protected":false},"author":3,"featured_media":0,"comment_status":"closed","ping_status":"open","sticky":false,"template":"","format":"standard","meta":{"_monsterinsights_skip_tracking":false,"_monsterinsights_sitenote_active":false,"_monsterinsights_sitenote_note":"","_monsterinsights_sitenote_category":0,"ngg_post_thumbnail":0,"footnotes":""},"categories":[5],"tags":[32,69,68,67],"class_list":["post-1168","post","type-post","status-publish","format-standard","hentry","category-blog","tag-boca","tag-encias","tag-periodontal","tag-salud"],"_links":{"self":[{"href":"http:\/\/www.pamplonaortodoncia.com\/index.php?rest_route=\/wp\/v2\/posts\/1168","targetHints":{"allow":["GET"]}}],"collection":[{"href":"http:\/\/www.pamplonaortodoncia.com\/index.php?rest_route=\/wp\/v2\/posts"}],"about":[{"href":"http:\/\/www.pamplonaortodoncia.com\/index.php?rest_route=\/wp\/v2\/types\/post"}],"author":[{"embeddable":true,"href":"http:\/\/www.pamplonaortodoncia.com\/index.php?rest_route=\/wp\/v2\/users\/3"}],"replies":[{"embeddable":true,"href":"http:\/\/www.pamplonaortodoncia.com\/index.php?rest_route=%2Fwp%2Fv2%2Fcomments&post=1168"}],"version-history":[{"count":0,"href":"http:\/\/www.pamplonaortodoncia.com\/index.php?rest_route=\/wp\/v2\/posts\/1168\/revisions"}],"wp:attachment":[{"href":"http:\/\/www.pamplonaortodoncia.com\/index.php?rest_route=%2Fwp%2Fv2%2Fmedia&parent=1168"}],"wp:term":[{"taxonomy":"category","embeddable":true,"href":"http:\/\/www.pamplonaortodoncia.com\/index.php?rest_route=%2Fwp%2Fv2%2Fcategories&post=1168"},{"taxonomy":"post_tag","embeddable":true,"href":"http:\/\/www.pamplonaortodoncia.com\/index.php?rest_route=%2Fwp%2Fv2%2Ftags&post=1168"}],"curies":[{"name":"wp","href":"https:\/\/api.w.org\/{rel}","templated":true}]}}