{"id":1195,"date":"2014-09-01T08:37:58","date_gmt":"2014-09-01T08:37:58","guid":{"rendered":"http:\/\/www.pamplonaortodoncia.com\/?p=1195"},"modified":"2014-09-01T08:37:58","modified_gmt":"2014-09-01T08:37:58","slug":"los-odontologos-abogan-porque-la-gente-duerma-boca-arriba","status":"publish","type":"post","link":"http:\/\/www.pamplonaortodoncia.com\/?p=1195","title":{"rendered":"Los odont\u00f3logos abogan porque la gente duerma boca arriba"},"content":{"rendered":"<p>Dolor intenso, a veces adormecedor que se sit\u00faa dentro o alrededor de la oreja. Que<a href=\"http:\/\/www.pamplonaortodoncia.com\/wp-content\/uploads\/2014\/09\/dormir.jpg\"><img fetchpriority=\"high\" decoding=\"async\" class=\" wp-image-1196 alignright\" src=\"http:\/\/www.pamplonaortodoncia.com\/wp-content\/uploads\/2014\/09\/dormir-334x350.jpg\" alt=\"dormir\" width=\"291\" height=\"305\" srcset=\"http:\/\/www.pamplonaortodoncia.com\/wp-content\/uploads\/2014\/09\/dormir-334x350.jpg 334w, http:\/\/www.pamplonaortodoncia.com\/wp-content\/uploads\/2014\/09\/dormir-191x200.jpg 191w, http:\/\/www.pamplonaortodoncia.com\/wp-content\/uploads\/2014\/09\/dormir-95x100.jpg 95w, http:\/\/www.pamplonaortodoncia.com\/wp-content\/uploads\/2014\/09\/dormir-142x149.jpg 142w, http:\/\/www.pamplonaortodoncia.com\/wp-content\/uploads\/2014\/09\/dormir.jpg 957w\" sizes=\"(max-width: 291px) 100vw, 291px\" \/><\/a> puede extenderse hacia un lado de la cabeza, en nuca o cuello y empeora al hablar, bostezar o masticar. Estas se\u00f1ales se deben a la desmesurada presi\u00f3n que sufren las estructuras alrededor de la articulaci\u00f3n en mand\u00edbula, cuello y dientes. Es el S\u00edndrome de la Articulaci\u00f3n Temporo Mandibular.<\/p>\n<p>La disfunci\u00f3n de la articulaci\u00f3n temporo mandibular esta muy relacionada con la opresi\u00f3n y con las mala mordidas, pero sobretodo con la inestabilidad de la din\u00e1mica de la mand\u00edbula en el momento de morder.<\/p>\n<p>Es una patolog\u00eda desconocida por la gran mayor\u00eda, ya que se empieza a conocer en esta \u00e9poca, pero es una patolog\u00eda muy frecuente y que el odont\u00f3logo es el especialista que la debe tratar.<\/p>\n<p>Una vez identificada la causa de esta disfunci\u00f3n el paciente mejora pr\u00e1cticamente al instante.<\/p>\n<p>El dormir boca arriba hace que la presi\u00f3n de la cabeza sobre la mand\u00edbula sea nula, no es as\u00ed si dormimos boca abajo desencadenando una fase aguda de la disfunci\u00f3n de la articulaci\u00f3n temporo mandibular.<\/p>\n<p><span style=\"color: #c0c0c0\">Fuente: vivirmejor.com<\/span><\/p>\n","protected":false},"excerpt":{"rendered":"<p>Dolor intenso, a veces adormecedor que se sit\u00faa dentro o alrededor de la oreja. Que puede extenderse hacia un lado de la cabeza, en nuca o cuello y empeora al hablar, bostezar o masticar. Estas se\u00f1ales se deben a la desmesurada presi\u00f3n que sufren las estructuras alrededor de la articulaci\u00f3n en mand\u00edbula, cuello y dientes. [&hellip;]<\/p>\n","protected":false},"author":3,"featured_media":0,"comment_status":"closed","ping_status":"open","sticky":false,"template":"","format":"standard","meta":{"_monsterinsights_skip_tracking":false,"_monsterinsights_sitenote_active":false,"_monsterinsights_sitenote_note":"","_monsterinsights_sitenote_category":0,"ngg_post_thumbnail":0,"footnotes":""},"categories":[5],"tags":[51,75,74],"class_list":["post-1195","post","type-post","status-publish","format-standard","hentry","category-blog","tag-atm","tag-disfuncion-de-la-articulacion-temporo-mandibular","tag-dormir-boca-arriba"],"_links":{"self":[{"href":"http:\/\/www.pamplonaortodoncia.com\/index.php?rest_route=\/wp\/v2\/posts\/1195","targetHints":{"allow":["GET"]}}],"collection":[{"href":"http:\/\/www.pamplonaortodoncia.com\/index.php?rest_route=\/wp\/v2\/posts"}],"about":[{"href":"http:\/\/www.pamplonaortodoncia.com\/index.php?rest_route=\/wp\/v2\/types\/post"}],"author":[{"embeddable":true,"href":"http:\/\/www.pamplonaortodoncia.com\/index.php?rest_route=\/wp\/v2\/users\/3"}],"replies":[{"embeddable":true,"href":"http:\/\/www.pamplonaortodoncia.com\/index.php?rest_route=%2Fwp%2Fv2%2Fcomments&post=1195"}],"version-history":[{"count":0,"href":"http:\/\/www.pamplonaortodoncia.com\/index.php?rest_route=\/wp\/v2\/posts\/1195\/revisions"}],"wp:attachment":[{"href":"http:\/\/www.pamplonaortodoncia.com\/index.php?rest_route=%2Fwp%2Fv2%2Fmedia&parent=1195"}],"wp:term":[{"taxonomy":"category","embeddable":true,"href":"http:\/\/www.pamplonaortodoncia.com\/index.php?rest_route=%2Fwp%2Fv2%2Fcategories&post=1195"},{"taxonomy":"post_tag","embeddable":true,"href":"http:\/\/www.pamplonaortodoncia.com\/index.php?rest_route=%2Fwp%2Fv2%2Ftags&post=1195"}],"curies":[{"name":"wp","href":"https:\/\/api.w.org\/{rel}","templated":true}]}}