{"id":1223,"date":"2014-09-24T09:52:09","date_gmt":"2014-09-24T09:52:09","guid":{"rendered":"http:\/\/www.pamplonaortodoncia.com\/?p=1223"},"modified":"2014-09-24T09:53:50","modified_gmt":"2014-09-24T09:53:50","slug":"bruxismo-sintomas-y-consecuencias","status":"publish","type":"post","link":"http:\/\/www.pamplonaortodoncia.com\/?p=1223","title":{"rendered":"Bruxismo, s\u00edntomas y consecuencias"},"content":{"rendered":"<p style=\"text-align: center\"><em>Actualmente, se estima que el 70% de la poblaci\u00f3n adulta padece bruxismo, pero muchos de los afectados no son conscientes.<\/em><\/p>\n<p style=\"text-align: left\">Un di\u00e1gnostico precoz de bruxismo, realizado por el dentista, garantiza calidad de vida y puede evitar que se desarrollen otros problemas periodontales.<\/p>\n<figure id=\"attachment_1226\" aria-describedby=\"caption-attachment-1226\" style=\"width: 331px\" class=\"wp-caption alignright\"><a href=\"http:\/\/www.pamplonaortodoncia.com\/wp-content\/uploads\/2014\/09\/DESGASTE.jpg\"><img fetchpriority=\"high\" decoding=\"async\" class=\"wp-image-1226\" src=\"http:\/\/www.pamplonaortodoncia.com\/wp-content\/uploads\/2014\/09\/DESGASTE-350x223.jpg\" alt=\"DESGASTE\" width=\"331\" height=\"211\" srcset=\"http:\/\/www.pamplonaortodoncia.com\/wp-content\/uploads\/2014\/09\/DESGASTE-350x223.jpg 350w, http:\/\/www.pamplonaortodoncia.com\/wp-content\/uploads\/2014\/09\/DESGASTE-200x127.jpg 200w, http:\/\/www.pamplonaortodoncia.com\/wp-content\/uploads\/2014\/09\/DESGASTE-1024x653.jpg 1024w, http:\/\/www.pamplonaortodoncia.com\/wp-content\/uploads\/2014\/09\/DESGASTE-100x63.jpg 100w, http:\/\/www.pamplonaortodoncia.com\/wp-content\/uploads\/2014\/09\/DESGASTE-233x149.jpg 233w, http:\/\/www.pamplonaortodoncia.com\/wp-content\/uploads\/2014\/09\/DESGASTE.jpg 1638w\" sizes=\"(max-width: 331px) 100vw, 331px\" \/><\/a><figcaption id=\"caption-attachment-1226\" class=\"wp-caption-text\">Desgaste de dientes por bruxismo<\/figcaption><\/figure>\n<p style=\"text-align: left\">En ocasiones el estr\u00e9s o una mala oclusi\u00f3n pueden provocar que apretemos o rechinemos los dientes, tanto por el d\u00eda como mientras dormimos, lo que se conoce como bruxismo. Con la vuelta al trabajo despu\u00e9s de las vacaciones aumenta el nivel de estr\u00e9s, lo que puede ser una causa de bruxismo en muchas personas. Es importante valorar cada caso para darle la mejor soluci\u00f3n teniendo en cuenta la salud integral de la boca del paciente. Si no se soluciona a tiempo, el bruxismo puede provocar destrucci\u00f3n y desgaste de las piezas dentales, caries, gingivitis y traumatismos de las enc\u00edas, adem\u00e1s de dolores de cabeza y cervicales.<\/p>\n<p style=\"text-align: left\">El bruxismo se define como un movimiento mandibular \u00a0no funcional, de car\u00e1cter voluntario o involuntario que puede ocurrir tanto durante el d\u00eda como durante la noche o en ambos, y que se manifiesta habitualmente mediante apretamiento, frotamiento o golpeamiento de los dientes. No hay que confundir el bruxismo con la costumbre temporal de apretar los dientes cuando est\u00e1 haciendo un esfuerzo f\u00edsico o para reprimir el llanto.<\/p>\n<p style=\"text-align: left\">Existen algunos estudios epidemiol\u00f3gicos sobre el bruxismo, pero no se conoce exactamente su incidencia y prevalencia. Algunos datos se\u00f1alan que el bruxismo diurno es m\u00e1s frecuente en hombres y el nocturno en mujeres. En relaci\u00f3n con la edad, diferentes autores ponen de manifiesto la existencia de un pico de m\u00e1xima incidencia hacia los 35-40 a\u00f1os.<\/p>\n<p style=\"text-align: left\">Las caracter\u00edsticas cl\u00ednicas de la enfermedad son muy distintas en las fases incipientes que en sus estadios m\u00e1s avanzados, de ah\u00ed la importancia de un diagn\u00f3stico precoz y del reconocimiento de las caracter\u00edsticas cl\u00ednicas bruxistas en sus distintas etapas.<\/p>\n<figure id=\"attachment_1225\" aria-describedby=\"caption-attachment-1225\" style=\"width: 350px\" class=\"wp-caption aligncenter\"><a href=\"http:\/\/www.pamplonaortodoncia.com\/wp-content\/uploads\/2014\/09\/F\u00c9RULA.jpg\"><img decoding=\"async\" class=\"wp-image-1225 size-medium\" src=\"http:\/\/www.pamplonaortodoncia.com\/wp-content\/uploads\/2014\/09\/F\u00c9RULA-350x163.jpg\" alt=\"F\u00c9RULA\" width=\"350\" height=\"163\" srcset=\"http:\/\/www.pamplonaortodoncia.com\/wp-content\/uploads\/2014\/09\/F\u00c9RULA-350x163.jpg 350w, http:\/\/www.pamplonaortodoncia.com\/wp-content\/uploads\/2014\/09\/F\u00c9RULA-200x93.jpg 200w, http:\/\/www.pamplonaortodoncia.com\/wp-content\/uploads\/2014\/09\/F\u00c9RULA-100x46.jpg 100w, http:\/\/www.pamplonaortodoncia.com\/wp-content\/uploads\/2014\/09\/F\u00c9RULA-280x130.jpg 280w, http:\/\/www.pamplonaortodoncia.com\/wp-content\/uploads\/2014\/09\/F\u00c9RULA.jpg 600w\" sizes=\"(max-width: 350px) 100vw, 350px\" \/><\/a><figcaption id=\"caption-attachment-1225\" class=\"wp-caption-text\">F\u00e9rula de descarga<\/figcaption><\/figure>\n<p style=\"text-align: left\">La soluci\u00f3n al problema del bruxismo es una f\u00e9rula de descarga, un molde de pl\u00e1stico para la dentadura que permite, aunque el paciente apriete los dientes, amortiguar la fuerza para que los dientes no choquen entre s\u00ed, lo que hace que la musculatura se relaje.<\/p>\n<p style=\"text-align: left\">\u00a0Las f\u00e9rulas de descarga no tratan el origen del problema pero si frenan la progresi\u00f3n de los s\u00edntomas que produce el bruxismo. A la hora de colocar una f\u00e9rula de descarga es importante tener en cuenta la salud general de la boca del paciente por lo que es imprescindible acudir a nuestro dentista. Una f\u00e9rula mal realizada o no adecuada para el paciente puede ocasionar problemas en la articulaci\u00f3n, musculares, una mala oclusi\u00f3n e incluso agravar los s\u00edntomas del paciente. Es muy importante que tanto el material utilizado como el ajuste de la misma sea el adecuado.<\/p>\n<p style=\"text-align: left\"><strong>Recomendaciones en caso de bruxismo:<\/strong><\/p>\n<ul>\n<li style=\"text-align: left\">Si notas dolor de cabeza al despertar, dolores en la mand\u00edbula y en los o\u00eddos, pregunta a tu dentista, puedes padecer bruxismo.<\/li>\n<li style=\"text-align: left\">El dentista es el especialista que puede tratar el bruxismo teniendo en cuenta la salud integral de tu boca.<\/li>\n<li style=\"text-align: left\">Si padeces bruxismo, una f\u00e9rula de descarga puede ayudarte. Asegurate de que su realizaci\u00f3n, uso y adaptaci\u00f3n est\u00e9 siempre supervisada por un dentista.<\/li>\n<li style=\"text-align: left\">Desconf\u00eda de los precios excesivamente bajos porque pueden esconder baja calidad de los materiales empleados o en la asistencia recibida.<\/li>\n<li style=\"text-align: left\">Visita a tu dentista cada seis meses, el diagn\u00f3stico precoz es fundamental para evitar problemas m\u00e1s graves como el desgaste irreversible tanto de los dientes como de la musculatura o la articulaci\u00f3n.<\/li>\n<\/ul>\n<p><span style=\"color: #999999\">Fuente: COEM<\/span><\/p>\n","protected":false},"excerpt":{"rendered":"<p>Actualmente, se estima que el 70% de la poblaci\u00f3n adulta padece bruxismo, pero muchos de los afectados no son conscientes. Un di\u00e1gnostico precoz de bruxismo, realizado por el dentista, garantiza calidad de vida y puede evitar que se desarrollen otros problemas periodontales. En ocasiones el estr\u00e9s o una mala oclusi\u00f3n pueden provocar que apretemos o [&hellip;]<\/p>\n","protected":false},"author":3,"featured_media":0,"comment_status":"closed","ping_status":"open","sticky":false,"template":"","format":"standard","meta":{"_monsterinsights_skip_tracking":false,"_monsterinsights_sitenote_active":false,"_monsterinsights_sitenote_note":"","_monsterinsights_sitenote_category":0,"ngg_post_thumbnail":0,"footnotes":""},"categories":[5],"tags":[17,26,84,24,85],"class_list":["post-1223","post","type-post","status-publish","format-standard","hentry","category-blog","tag-bruxismo","tag-dentista","tag-desgaste","tag-dientes","tag-ferula-descarga"],"_links":{"self":[{"href":"http:\/\/www.pamplonaortodoncia.com\/index.php?rest_route=\/wp\/v2\/posts\/1223","targetHints":{"allow":["GET"]}}],"collection":[{"href":"http:\/\/www.pamplonaortodoncia.com\/index.php?rest_route=\/wp\/v2\/posts"}],"about":[{"href":"http:\/\/www.pamplonaortodoncia.com\/index.php?rest_route=\/wp\/v2\/types\/post"}],"author":[{"embeddable":true,"href":"http:\/\/www.pamplonaortodoncia.com\/index.php?rest_route=\/wp\/v2\/users\/3"}],"replies":[{"embeddable":true,"href":"http:\/\/www.pamplonaortodoncia.com\/index.php?rest_route=%2Fwp%2Fv2%2Fcomments&post=1223"}],"version-history":[{"count":0,"href":"http:\/\/www.pamplonaortodoncia.com\/index.php?rest_route=\/wp\/v2\/posts\/1223\/revisions"}],"wp:attachment":[{"href":"http:\/\/www.pamplonaortodoncia.com\/index.php?rest_route=%2Fwp%2Fv2%2Fmedia&parent=1223"}],"wp:term":[{"taxonomy":"category","embeddable":true,"href":"http:\/\/www.pamplonaortodoncia.com\/index.php?rest_route=%2Fwp%2Fv2%2Fcategories&post=1223"},{"taxonomy":"post_tag","embeddable":true,"href":"http:\/\/www.pamplonaortodoncia.com\/index.php?rest_route=%2Fwp%2Fv2%2Ftags&post=1223"}],"curies":[{"name":"wp","href":"https:\/\/api.w.org\/{rel}","templated":true}]}}