{"id":1268,"date":"2014-12-10T10:24:21","date_gmt":"2014-12-10T10:24:21","guid":{"rendered":"http:\/\/www.pamplonaortodoncia.com\/?p=1268"},"modified":"2014-12-10T10:24:21","modified_gmt":"2014-12-10T10:24:21","slug":"ulceras-bucales","status":"publish","type":"post","link":"http:\/\/www.pamplonaortodoncia.com\/?p=1268","title":{"rendered":"\u00dalceras Bucales"},"content":{"rendered":"<p>Hay diferentes tipos de \u00falceras bucales y pueden aparecer en cualquier parte dentro de la boca como:<\/p>\n<ul>\n<li>El fondo de la boca.<\/li>\n<li>La parte interna de los carrillos.<\/li>\n<li>Las enc\u00edas.<\/li>\n<li>Los labios.<\/li>\n<li>La lengua<\/li>\n<\/ul>\n<p>Las \u00falceras bucales pueden ser causadas por irritaci\u00f3n a ra\u00edz de:<\/p>\n<ul>\n<li>Un diente quebrado o afilado o pr\u00f3tesis dentales mal ajustadas.<\/li>\n<li>Morderse el carrillo, la lengua o los labios.<\/li>\n<li>Quemarse la boca con alimentos o bebidas calientes.<\/li>\n<li>Usar frenillos.<\/li>\n<li>Mascar tabaco.<\/li>\n<\/ul>\n<p>El herpes labial es causado por el virus del herpes simple y es muy contagioso. Usted por lo regular experimentar\u00e1 sensibilidad, hormigueo o ardor antes de que aparezca la \u00falcera en realidad. El herpes labial por lo regular comienza como ampollas y luego forma costra. El virus del herpes puede vivir en el cuerpo por a\u00f1os y s\u00f3lo aparece como una \u00falcera bucal cuando algo lo activa, como:<\/p>\n<ul>\n<li>Otra enfermedad, especialmente si hay fiebre.<\/li>\n<li>Cambios hormonales (como la menstruaci\u00f3n).<\/li>\n<li>Estr\u00e9s.<\/li>\n<li>Exposici\u00f3n al sol.<\/li>\n<\/ul>\n<p><a href=\"http:\/\/www.pamplonaortodoncia.com\/wp-content\/uploads\/2014\/12\/images.jpeg\"><img decoding=\"async\" class=\"alignleft  wp-image-1384\" src=\"http:\/\/www.pamplonaortodoncia.com\/wp-content\/uploads\/2014\/12\/images.jpeg\" alt=\"images\" width=\"238\" height=\"156\" srcset=\"http:\/\/www.pamplonaortodoncia.com\/wp-content\/uploads\/2014\/12\/images.jpeg 249w, http:\/\/www.pamplonaortodoncia.com\/wp-content\/uploads\/2014\/12\/images-200x130.jpeg 200w, http:\/\/www.pamplonaortodoncia.com\/wp-content\/uploads\/2014\/12\/images-100x65.jpeg 100w, http:\/\/www.pamplonaortodoncia.com\/wp-content\/uploads\/2014\/12\/images-227x149.jpeg 227w\" sizes=\"(max-width: 238px) 100vw, 238px\" \/><\/a>Las aftas orales no son contagiosas y pueden aparecer como una \u00falcera p\u00e1lida o amarillenta con un anillo externo rojizo. Usted puede tener una o grupos de estas lesiones. Las mujeres parecen contraerlas m\u00e1s que los hombres. La causa de las aftas orales no est\u00e1 clara. Pueden deberse a:<\/p>\n<ul>\n<li>Una debilidad del sistema inmunitario (por ejemplo, por gripe o resfriado).<\/li>\n<li>Cambios hormonales.<\/li>\n<li>Estr\u00e9s.<\/li>\n<li>Falta de ciertas vitaminas y minerales en la alimentaci\u00f3n, como vitamina B12 o folato.<\/li>\n<\/ul>\n<p>Con menos frecuencia, las \u00falceras bucales pueden ser un signo de una enfermedad, un tumor o una reacci\u00f3n a alg\u00fan medicamento. Esto puede abarcar:<\/p>\n<ul>\n<li>Trastornos autoinmunitarios (por ejemplo, el lupus eritematoso sist\u00e9mico).<\/li>\n<li>Trastornos hemorr\u00e1gicos.<\/li>\n<li>C\u00e1ncer de la boca..<\/li>\n<li>Infecciones como el exantema v\u00edrico de manos, pies y boca.<\/li>\n<li>Sistema inmunitario debilitado: por ejemplo, si usted tiene SIDA o est\u00e1 tomando medicamentos despu\u00e9s de un transplante.<\/li>\n<\/ul>\n<p>Los medicamentos que pueden causar \u00falceras bucales abarcan \u00e1cido acetilsalic\u00edlico (aspirin), betabloqueadores, f\u00e1rmacos para quimioterapia, penicilamina, fenito\u00edna y sulfamidas.<\/p>\n<p>&nbsp;<\/p>\n<p><span style=\"color: #999999\">Fuente: nlm.nih.gov<\/span><\/p>\n","protected":false},"excerpt":{"rendered":"<p>Hay diferentes tipos de \u00falceras bucales y pueden aparecer en cualquier parte dentro de la boca como: El fondo de la boca. La parte interna de los carrillos. Las enc\u00edas. Los labios. La lengua Las \u00falceras bucales pueden ser causadas por irritaci\u00f3n a ra\u00edz de: Un diente quebrado o afilado o pr\u00f3tesis dentales mal ajustadas. [&hellip;]<\/p>\n","protected":false},"author":3,"featured_media":1378,"comment_status":"closed","ping_status":"open","sticky":false,"template":"","format":"standard","meta":{"_monsterinsights_skip_tracking":false,"_monsterinsights_sitenote_active":false,"_monsterinsights_sitenote_note":"","_monsterinsights_sitenote_category":0,"ngg_post_thumbnail":0,"footnotes":""},"categories":[5],"tags":[117,116,37,103,115],"class_list":["post-1268","post","type-post","status-publish","format-standard","has-post-thumbnail","hentry","category-blog","tag-encia","tag-labio","tag-lengua","tag-medicamentos","tag-ulcera-bucal"],"_links":{"self":[{"href":"http:\/\/www.pamplonaortodoncia.com\/index.php?rest_route=\/wp\/v2\/posts\/1268","targetHints":{"allow":["GET"]}}],"collection":[{"href":"http:\/\/www.pamplonaortodoncia.com\/index.php?rest_route=\/wp\/v2\/posts"}],"about":[{"href":"http:\/\/www.pamplonaortodoncia.com\/index.php?rest_route=\/wp\/v2\/types\/post"}],"author":[{"embeddable":true,"href":"http:\/\/www.pamplonaortodoncia.com\/index.php?rest_route=\/wp\/v2\/users\/3"}],"replies":[{"embeddable":true,"href":"http:\/\/www.pamplonaortodoncia.com\/index.php?rest_route=%2Fwp%2Fv2%2Fcomments&post=1268"}],"version-history":[{"count":0,"href":"http:\/\/www.pamplonaortodoncia.com\/index.php?rest_route=\/wp\/v2\/posts\/1268\/revisions"}],"wp:featuredmedia":[{"embeddable":true,"href":"http:\/\/www.pamplonaortodoncia.com\/index.php?rest_route=\/wp\/v2\/media\/1378"}],"wp:attachment":[{"href":"http:\/\/www.pamplonaortodoncia.com\/index.php?rest_route=%2Fwp%2Fv2%2Fmedia&parent=1268"}],"wp:term":[{"taxonomy":"category","embeddable":true,"href":"http:\/\/www.pamplonaortodoncia.com\/index.php?rest_route=%2Fwp%2Fv2%2Fcategories&post=1268"},{"taxonomy":"post_tag","embeddable":true,"href":"http:\/\/www.pamplonaortodoncia.com\/index.php?rest_route=%2Fwp%2Fv2%2Ftags&post=1268"}],"curies":[{"name":"wp","href":"https:\/\/api.w.org\/{rel}","templated":true}]}}