{"id":1391,"date":"2015-02-02T16:10:17","date_gmt":"2015-02-02T16:10:17","guid":{"rendered":"http:\/\/www.pamplonaortodoncia.com\/?p=1391"},"modified":"2015-02-02T16:10:17","modified_gmt":"2015-02-02T16:10:17","slug":"consejos-dentales-para-ninos","status":"publish","type":"post","link":"http:\/\/www.pamplonaortodoncia.com\/?p=1391","title":{"rendered":"Consejos dentales para ni\u00f1os"},"content":{"rendered":"<figure id=\"attachment_1419\" aria-describedby=\"caption-attachment-1419\" style=\"width: 400px\" class=\"wp-caption aligncenter\"><a href=\"http:\/\/www.pamplonaortodoncia.com\/wp-content\/uploads\/2015\/02\/cepillando.jpg\"><img fetchpriority=\"high\" decoding=\"async\" class=\"wp-image-1419 size-full\" src=\"http:\/\/www.pamplonaortodoncia.com\/wp-content\/uploads\/2015\/02\/cepillando.jpg\" alt=\"cepillando\" width=\"400\" height=\"265\" srcset=\"http:\/\/www.pamplonaortodoncia.com\/wp-content\/uploads\/2015\/02\/cepillando.jpg 400w, http:\/\/www.pamplonaortodoncia.com\/wp-content\/uploads\/2015\/02\/cepillando-200x133.jpg 200w, http:\/\/www.pamplonaortodoncia.com\/wp-content\/uploads\/2015\/02\/cepillando-350x232.jpg 350w, http:\/\/www.pamplonaortodoncia.com\/wp-content\/uploads\/2015\/02\/cepillando-100x66.jpg 100w, http:\/\/www.pamplonaortodoncia.com\/wp-content\/uploads\/2015\/02\/cepillando-225x149.jpg 225w\" sizes=\"(max-width: 400px) 100vw, 400px\" \/><\/a><figcaption id=\"caption-attachment-1419\" class=\"wp-caption-text\">ni\u00f1a cepill\u00e1ndose los dientes<\/figcaption><\/figure>\n<p><strong>CEP\u00cdLLATE LOS DIENTES ANTES DE IR A LA CAMA<\/strong><\/p>\n<p>S\u00f3lo el 59\u20ac de los ni\u00f1os se cepillan los dientes \u00a0antes de irse a la cama. Este h\u00e1bito es fundamental, ya que durante la noche disminuye la formaci\u00f3n de saliva, agente que nos ayuda a limpiar la boca de bacterias.<\/p>\n<p><strong>\u00bfQU\u00c9 HACER EN CASO DE UN TRAUMATISMO DENTAL?<\/strong><\/p>\n<p>Ya sea un golpe, una fractura o una avulsi\u00f3n dental, los pap\u00e1s deben llevar al ni\u00f1o al dentista r\u00e1pidamente para que \u00e9ste haga una valoraci\u00f3n del alcance del impacto.<\/p>\n<p><strong>HAY QUE CUIDAR LOS DIENTES DE LECHE<\/strong><\/p>\n<p>Los dientes de leche hay que cuidarlos igual que los dientes permanentes pues cumplen funciones b\u00e1sicas en el ni\u00f1o, tanto funcionales como est\u00e9ticas.<\/p>\n<p><strong>CUIDADO CON LOS DULCES<\/strong><\/p>\n<figure id=\"attachment_1422\" aria-describedby=\"caption-attachment-1422\" style=\"width: 350px\" class=\"wp-caption aligncenter\"><a href=\"http:\/\/www.pamplonaortodoncia.com\/wp-content\/uploads\/2015\/02\/ni\u00f1a-golosinas-medio.jpg\"><img decoding=\"async\" class=\"wp-image-1422 size-medium\" src=\"http:\/\/www.pamplonaortodoncia.com\/wp-content\/uploads\/2015\/02\/ni\u00f1a-golosinas-medio-350x232.jpg\" alt=\"ni\u00f1a-golosinas-medio\" width=\"350\" height=\"232\" srcset=\"http:\/\/www.pamplonaortodoncia.com\/wp-content\/uploads\/2015\/02\/ni\u00f1a-golosinas-medio-350x232.jpg 350w, http:\/\/www.pamplonaortodoncia.com\/wp-content\/uploads\/2015\/02\/ni\u00f1a-golosinas-medio-200x133.jpg 200w, http:\/\/www.pamplonaortodoncia.com\/wp-content\/uploads\/2015\/02\/ni\u00f1a-golosinas-medio-100x66.jpg 100w, http:\/\/www.pamplonaortodoncia.com\/wp-content\/uploads\/2015\/02\/ni\u00f1a-golosinas-medio-224x149.jpg 224w, http:\/\/www.pamplonaortodoncia.com\/wp-content\/uploads\/2015\/02\/ni\u00f1a-golosinas-medio.jpg 800w\" sizes=\"(max-width: 350px) 100vw, 350px\" \/><\/a><figcaption id=\"caption-attachment-1422\" class=\"wp-caption-text\">ni\u00f1a con dulces<\/figcaption><\/figure>\n<p>&nbsp;<\/p>\n<p>Tomar dulces a diario incrementa en un 55% el riesgo de necesitar tratamientos odontol\u00f3gicos. Si nuestro hijo toma dulces es necesario que seguidamente se cepille los dientes.<\/p>\n<p><strong>CUIDADO CON LAS BEBIDAS AZUCARADAS<\/strong><\/p>\n<p>Los zumos de fruta y las bebidas gaseosas poseen \u00e1cido que con el tiempo desgasta el esmalte dental. Esto provoca mayor predisposici\u00f3n a desarrollar caries<\/p>\n<p><strong>CAMBIA TU CEPILLO CADA 3 MESES<\/strong><\/p>\n<p>S\u00f3lo el 39,7% de los ni\u00f1@s cambia el cepillo de \u00a0dientes cada tres meses. Si no lo cambiamos con esa frecuencia, el cepillo de dientes se desgastar\u00e1 dejando de cumplir su funci\u00f3n.<\/p>\n<p><strong>CUIDADO CON LOS DIENTES PICADOS<\/strong><\/p>\n<p>El 13,7% de los ni\u00f1@s tiene alg\u00fan diente picado. Si queremos prevenir a tiempo ese problema, nada mejor que acudir cada 6 meses a revisi\u00f3n con el odont\u00f3logo.<\/p>\n<p><strong>EL DESAYUNO MEJOR EN CASA<\/strong><\/p>\n<figure id=\"attachment_1424\" aria-describedby=\"caption-attachment-1424\" style=\"width: 300px\" class=\"wp-caption alignleft\"><a href=\"http:\/\/www.pamplonaortodoncia.com\/wp-content\/uploads\/2015\/02\/ninos-desayunojpg-300x281.jpg\"><img decoding=\"async\" class=\"wp-image-1424 size-full\" src=\"http:\/\/www.pamplonaortodoncia.com\/wp-content\/uploads\/2015\/02\/ninos-desayunojpg-300x281.jpg\" alt=\"ninos-desayunojpg-300x281\" width=\"300\" height=\"281\" srcset=\"http:\/\/www.pamplonaortodoncia.com\/wp-content\/uploads\/2015\/02\/ninos-desayunojpg-300x281.jpg 300w, http:\/\/www.pamplonaortodoncia.com\/wp-content\/uploads\/2015\/02\/ninos-desayunojpg-300x281-200x187.jpg 200w, http:\/\/www.pamplonaortodoncia.com\/wp-content\/uploads\/2015\/02\/ninos-desayunojpg-300x281-100x94.jpg 100w, http:\/\/www.pamplonaortodoncia.com\/wp-content\/uploads\/2015\/02\/ninos-desayunojpg-300x281-159x149.jpg 159w\" sizes=\"(max-width: 300px) 100vw, 300px\" \/><\/a><figcaption id=\"caption-attachment-1424\" class=\"wp-caption-text\">ni\u00f1o desayunando en casa<\/figcaption><\/figure>\n<p>&nbsp;<\/p>\n<p>Los ni\u00f1os que no desayunan en casa tienen mayor riesgo de padecer caries. Por una parte porque no desayunar\u00e1n alimentos tan saludables, y por otra, porque, probablemente, no no se cepillar\u00e1n los dientes en el colegio.<\/p>\n<p>&nbsp;<\/p>\n<p>&nbsp;<\/p>\n<p>&nbsp;<\/p>\n<p>&nbsp;<\/p>\n<p><span style=\"color: #999999\">Datos extraidos del VI Estudio Anual de h\u00e1bitos bucodentales en ni\u00f1os.<\/span><\/p>\n<p>&nbsp;<\/p>\n","protected":false},"excerpt":{"rendered":"<p>CEP\u00cdLLATE LOS DIENTES ANTES DE IR A LA CAMA S\u00f3lo el 59\u20ac de los ni\u00f1os se cepillan los dientes \u00a0antes de irse a la cama. Este h\u00e1bito es fundamental, ya que durante la noche disminuye la formaci\u00f3n de saliva, agente que nos ayuda a limpiar la boca de bacterias. \u00bfQU\u00c9 HACER EN CASO DE UN [&hellip;]<\/p>\n","protected":false},"author":3,"featured_media":0,"comment_status":"closed","ping_status":"open","sticky":false,"template":"","format":"standard","meta":{"_monsterinsights_skip_tracking":false,"_monsterinsights_sitenote_active":false,"_monsterinsights_sitenote_note":"","_monsterinsights_sitenote_category":0,"ngg_post_thumbnail":0,"footnotes":""},"categories":[5],"tags":[81,56,24,43,18],"class_list":["post-1391","post","type-post","status-publish","format-standard","hentry","category-blog","tag-cepillo","tag-consejos","tag-dientes","tag-higiene","tag-ninos"],"_links":{"self":[{"href":"http:\/\/www.pamplonaortodoncia.com\/index.php?rest_route=\/wp\/v2\/posts\/1391","targetHints":{"allow":["GET"]}}],"collection":[{"href":"http:\/\/www.pamplonaortodoncia.com\/index.php?rest_route=\/wp\/v2\/posts"}],"about":[{"href":"http:\/\/www.pamplonaortodoncia.com\/index.php?rest_route=\/wp\/v2\/types\/post"}],"author":[{"embeddable":true,"href":"http:\/\/www.pamplonaortodoncia.com\/index.php?rest_route=\/wp\/v2\/users\/3"}],"replies":[{"embeddable":true,"href":"http:\/\/www.pamplonaortodoncia.com\/index.php?rest_route=%2Fwp%2Fv2%2Fcomments&post=1391"}],"version-history":[{"count":0,"href":"http:\/\/www.pamplonaortodoncia.com\/index.php?rest_route=\/wp\/v2\/posts\/1391\/revisions"}],"wp:attachment":[{"href":"http:\/\/www.pamplonaortodoncia.com\/index.php?rest_route=%2Fwp%2Fv2%2Fmedia&parent=1391"}],"wp:term":[{"taxonomy":"category","embeddable":true,"href":"http:\/\/www.pamplonaortodoncia.com\/index.php?rest_route=%2Fwp%2Fv2%2Fcategories&post=1391"},{"taxonomy":"post_tag","embeddable":true,"href":"http:\/\/www.pamplonaortodoncia.com\/index.php?rest_route=%2Fwp%2Fv2%2Ftags&post=1391"}],"curies":[{"name":"wp","href":"https:\/\/api.w.org\/{rel}","templated":true}]}}