{"id":1458,"date":"2015-03-09T15:47:30","date_gmt":"2015-03-09T15:47:30","guid":{"rendered":"http:\/\/www.pamplonaortodoncia.com\/?p=1458"},"modified":"2015-03-09T15:47:30","modified_gmt":"2015-03-09T15:47:30","slug":"si-tienes-mal-sabor-de-boca-ve-al-dentista","status":"publish","type":"post","link":"http:\/\/www.pamplonaortodoncia.com\/?p=1458","title":{"rendered":"Si tienes mal sabor de boca\u2026 ve al dentista"},"content":{"rendered":"<p class=\"\"><a href=\"http:\/\/www.pamplonaortodoncia.com\/wp-content\/uploads\/2015\/03\/mal_aliento_compressed.jpg\"><img fetchpriority=\"high\" decoding=\"async\" class=\"alignleft size-full wp-image-1459\" src=\"http:\/\/www.pamplonaortodoncia.com\/wp-content\/uploads\/2015\/03\/mal_aliento_compressed.jpg\" alt=\"mal_aliento_compressed\" width=\"615\" height=\"330\" srcset=\"http:\/\/www.pamplonaortodoncia.com\/wp-content\/uploads\/2015\/03\/mal_aliento_compressed.jpg 615w, http:\/\/www.pamplonaortodoncia.com\/wp-content\/uploads\/2015\/03\/mal_aliento_compressed-200x107.jpg 200w, http:\/\/www.pamplonaortodoncia.com\/wp-content\/uploads\/2015\/03\/mal_aliento_compressed-350x188.jpg 350w, http:\/\/www.pamplonaortodoncia.com\/wp-content\/uploads\/2015\/03\/mal_aliento_compressed-100x54.jpg 100w, http:\/\/www.pamplonaortodoncia.com\/wp-content\/uploads\/2015\/03\/mal_aliento_compressed-278x149.jpg 278w\" sizes=\"(max-width: 615px) 100vw, 615px\" \/><\/a><\/p>\n<p class=\"\">Si tienes mal sabor de boca, ve al dentista, porque puede ser que tengas una caries escondida que no se vea y una caries dental es un hueco en el diente donde se va acumulando placa dental, restos de alimentos bacterias y esto coge olor y no puedes limpiarlo por mucho que te limpies, pases la seda dental uses colutorio. Todos estos dep\u00f3sitos se va descomponiendo y huele fatal.<\/p>\n<p class=\"hilight\">Tambi\u00e9n lo mismo te pasar\u00e1 si tienes una funda antigua que debajo de la misma se ha producido caries dental, lo mismo entran bacterias y comienza a oler mal.<\/p>\n<p class=\"\">La enfermedad periodontal tambi\u00e9n huele mal tambi\u00e9n, la enfermedad de las enc\u00edas, el tener sarro no tener la boca limpia.<\/p>\n<p class=\"\"><em>Fuente<\/em>: <a class=\"\" href=\"http:\/\/www.deltadent.es\/blog\/2014\/09\/10\/si-tienes-mal-sabor-de-boca-ve-al-dentista\/\">deltadent.es<\/a><\/p>\n","protected":false},"excerpt":{"rendered":"<p>Si tienes mal sabor de boca, ve al dentista, porque puede ser que tengas una caries escondida que no se vea y una caries dental es un hueco en el diente donde se va acumulando placa dental, restos de alimentos bacterias y esto coge olor y no puedes limpiarlo por mucho que te limpies, pases [&hellip;]<\/p>\n","protected":false},"author":3,"featured_media":0,"comment_status":"closed","ping_status":"open","sticky":false,"template":"","format":"standard","meta":{"_monsterinsights_skip_tracking":false,"_monsterinsights_sitenote_active":false,"_monsterinsights_sitenote_note":"","_monsterinsights_sitenote_category":0,"ngg_post_thumbnail":0,"footnotes":""},"categories":[5],"tags":[32,122,121],"class_list":["post-1458","post","type-post","status-publish","format-standard","hentry","category-blog","tag-boca","tag-caries","tag-mal-sabor"],"_links":{"self":[{"href":"http:\/\/www.pamplonaortodoncia.com\/index.php?rest_route=\/wp\/v2\/posts\/1458","targetHints":{"allow":["GET"]}}],"collection":[{"href":"http:\/\/www.pamplonaortodoncia.com\/index.php?rest_route=\/wp\/v2\/posts"}],"about":[{"href":"http:\/\/www.pamplonaortodoncia.com\/index.php?rest_route=\/wp\/v2\/types\/post"}],"author":[{"embeddable":true,"href":"http:\/\/www.pamplonaortodoncia.com\/index.php?rest_route=\/wp\/v2\/users\/3"}],"replies":[{"embeddable":true,"href":"http:\/\/www.pamplonaortodoncia.com\/index.php?rest_route=%2Fwp%2Fv2%2Fcomments&post=1458"}],"version-history":[{"count":0,"href":"http:\/\/www.pamplonaortodoncia.com\/index.php?rest_route=\/wp\/v2\/posts\/1458\/revisions"}],"wp:attachment":[{"href":"http:\/\/www.pamplonaortodoncia.com\/index.php?rest_route=%2Fwp%2Fv2%2Fmedia&parent=1458"}],"wp:term":[{"taxonomy":"category","embeddable":true,"href":"http:\/\/www.pamplonaortodoncia.com\/index.php?rest_route=%2Fwp%2Fv2%2Fcategories&post=1458"},{"taxonomy":"post_tag","embeddable":true,"href":"http:\/\/www.pamplonaortodoncia.com\/index.php?rest_route=%2Fwp%2Fv2%2Ftags&post=1458"}],"curies":[{"name":"wp","href":"https:\/\/api.w.org\/{rel}","templated":true}]}}