{"id":1632,"date":"2015-05-21T15:41:48","date_gmt":"2015-05-21T15:41:48","guid":{"rendered":"http:\/\/www.pamplonaortodoncia.com\/?p=1632"},"modified":"2015-05-21T15:41:48","modified_gmt":"2015-05-21T15:41:48","slug":"paciente-clase-ii-con-apinamiento-y-linea-media-desviada","status":"publish","type":"post","link":"http:\/\/www.pamplonaortodoncia.com\/?p=1632","title":{"rendered":"Paciente Clase II con api\u00f1amiento y l\u00ednea media desviada."},"content":{"rendered":"<p>El paciente A.J. de 11 a\u00f1os, acude a nuestra consulta con api\u00f1amiento maxilar importante. El canino lateral (12) est\u00e1 en mordida cruzada. Presenta una Clase II molar y canina, y la l\u00ednea media est\u00e1 desviada. Se realiz\u00f3 un tratamiento con brackets autoligables met\u00e1licos de smartclip 022. La duraci\u00f3n del tratamiento fue de 22 meses.<\/p>\n<p>El paciente actualmente ha terminado el tratamiento con brackets y lleva una contenci\u00f3n fija de 2-2 en maxilar y 3-3 en mandibular; para complementar tambi\u00e9n lleva una f\u00e9rula ESSIX durante la noche.<\/p>\n<h2 style=\"text-align: left\"><span style=\"color: #ff9900\">\u00a0 \u00a0INICIO \u00a0 \u00a0 \u00a0 \u00a0 \u00a0 \u00a0 \u00a0 \u00a0 \u00a0 \u00a0 \u00a0 \u00a0 \u00a0 \u00a0 FINAL<\/span><\/h2>\n<p style=\"text-align: left\"><!-- index.php -->\n<div\n\tclass=\"ngg-galleryoverview\n\t ngg-ajax-pagination-none\t\"\n\tid=\"ngg-gallery-830fa5513d1c1982a776ba69faa76d57-1\">\n\n\t\t\t<!-- Thumbnails -->\n\t\t\t\t<div id=\"ngg-image-0\" class=\"ngg-gallery-thumbnail-box\"\n\t\t\t\t\t\t\t\t\t\t\t>\n\t\t\t\t\t\t<div class=\"ngg-gallery-thumbnail\">\n\t\t\t<a href=\"http:\/\/www.pamplonaortodoncia.com\/wp-content\/gallery\/asier\/03-03-034-Frontal-Smiling-01012006-1-1.jpg\"\n\t\t\t\ttitle=\"\"\n\t\t\t\tdata-src=\"http:\/\/www.pamplonaortodoncia.com\/wp-content\/gallery\/asier\/03-03-034-Frontal-Smiling-01012006-1-1.jpg\"\n\t\t\t\tdata-thumbnail=\"http:\/\/www.pamplonaortodoncia.com\/wp-content\/gallery\/asier\/thumbs\/thumbs_03-03-034-Frontal-Smiling-01012006-1-1.jpg\"\n\t\t\t\tdata-image-id=\"384\"\n\t\t\t\tdata-title=\"03-03--034-Frontal Smiling-01012006 (1).jpg\"\n\t\t\t\tdata-description=\"\"\n\t\t\t\tdata-image-slug=\"03-03-034-frontal-smiling-01012006-1-jpg-1\"\n\t\t\t\t\t\t\t\t\t\t\t\t\t\t\t\t\t\t\t\tclass=\"shutterset_830fa5513d1c1982a776ba69faa76d57\">\n\t\t\t\t\t\t\t\t<img\n\t\t\t\t\ttitle=\"03-03--034-Frontal Smiling-01012006 (1).jpg\"\n\t\t\t\t\talt=\"03-03--034-Frontal Smiling-01012006 (1).jpg\"\n\t\t\t\t\tsrc=\"http:\/\/www.pamplonaortodoncia.com\/wp-content\/gallery\/asier\/thumbs\/thumbs_03-03-034-Frontal-Smiling-01012006-1-1.jpg\"\n\t\t\t\t\twidth=\"200\"\n\t\t\t\t\theight=\"150\"\n\t\t\t\t\tstyle=\"max-width:100%;\"\n\t\t\t\t\/>\n\t\t\t<\/a>\n\t\t<\/div>\n\t\t\t\t\t\t\t<\/div>\n\t\t\t\n\t\t\t\t\t\t\t\n\t\t\t\t<div id=\"ngg-image-1\" class=\"ngg-gallery-thumbnail-box\"\n\t\t\t\t\t\t\t\t\t\t\t>\n\t\t\t\t\t\t<div class=\"ngg-gallery-thumbnail\">\n\t\t\t<a href=\"http:\/\/www.pamplonaortodoncia.com\/wp-content\/gallery\/asier\/07-03-034-Frontal-Smiling-24092014-1-1.jpg\"\n\t\t\t\ttitle=\"\"\n\t\t\t\tdata-src=\"http:\/\/www.pamplonaortodoncia.com\/wp-content\/gallery\/asier\/07-03-034-Frontal-Smiling-24092014-1-1.jpg\"\n\t\t\t\tdata-thumbnail=\"http:\/\/www.pamplonaortodoncia.com\/wp-content\/gallery\/asier\/thumbs\/thumbs_07-03-034-Frontal-Smiling-24092014-1-1.jpg\"\n\t\t\t\tdata-image-id=\"383\"\n\t\t\t\tdata-title=\"07-03--034-Frontal Smiling-24092014 (1).jpg\"\n\t\t\t\tdata-description=\"\"\n\t\t\t\tdata-image-slug=\"07-03-034-frontal-smiling-24092014-1-jpg-1\"\n\t\t\t\t\t\t\t\t\t\t\t\t\t\t\t\t\t\t\t\tclass=\"shutterset_830fa5513d1c1982a776ba69faa76d57\">\n\t\t\t\t\t\t\t\t<img\n\t\t\t\t\ttitle=\"07-03--034-Frontal Smiling-24092014 (1).jpg\"\n\t\t\t\t\talt=\"07-03--034-Frontal Smiling-24092014 (1).jpg\"\n\t\t\t\t\tsrc=\"http:\/\/www.pamplonaortodoncia.com\/wp-content\/gallery\/asier\/thumbs\/thumbs_07-03-034-Frontal-Smiling-24092014-1-1.jpg\"\n\t\t\t\t\twidth=\"200\"\n\t\t\t\t\theight=\"150\"\n\t\t\t\t\tstyle=\"max-width:100%;\"\n\t\t\t\t\/>\n\t\t\t<\/a>\n\t\t<\/div>\n\t\t\t\t\t\t\t<\/div>\n\t\t\t\n\t\t\t\t\t\t\t\t\t<br style=\"clear: both\" \/>\n\t\t\t\t\t\n\t\t\t\t<div id=\"ngg-image-2\" class=\"ngg-gallery-thumbnail-box\"\n\t\t\t\t\t\t\t\t\t\t\t>\n\t\t\t\t\t\t<div class=\"ngg-gallery-thumbnail\">\n\t\t\t<a href=\"http:\/\/www.pamplonaortodoncia.com\/wp-content\/gallery\/asier\/03-03-034-Frontal-Smiling-01012006-1.jpg\"\n\t\t\t\ttitle=\"\"\n\t\t\t\tdata-src=\"http:\/\/www.pamplonaortodoncia.com\/wp-content\/gallery\/asier\/03-03-034-Frontal-Smiling-01012006-1.jpg\"\n\t\t\t\tdata-thumbnail=\"http:\/\/www.pamplonaortodoncia.com\/wp-content\/gallery\/asier\/thumbs\/thumbs_03-03-034-Frontal-Smiling-01012006-1.jpg\"\n\t\t\t\tdata-image-id=\"370\"\n\t\t\t\tdata-title=\"03-03--034-Frontal Smiling-01012006 (1).jpg\"\n\t\t\t\tdata-description=\"\"\n\t\t\t\tdata-image-slug=\"03-03-034-frontal-smiling-01012006-1-jpg\"\n\t\t\t\t\t\t\t\t\t\t\t\t\t\t\t\t\t\t\t\tclass=\"shutterset_830fa5513d1c1982a776ba69faa76d57\">\n\t\t\t\t\t\t\t\t<img\n\t\t\t\t\ttitle=\"03-03--034-Frontal Smiling-01012006 (1).jpg\"\n\t\t\t\t\talt=\"03-03--034-Frontal Smiling-01012006 (1).jpg\"\n\t\t\t\t\tsrc=\"http:\/\/www.pamplonaortodoncia.com\/wp-content\/gallery\/asier\/thumbs\/thumbs_03-03-034-Frontal-Smiling-01012006-1.jpg\"\n\t\t\t\t\twidth=\"200\"\n\t\t\t\t\theight=\"150\"\n\t\t\t\t\tstyle=\"max-width:100%;\"\n\t\t\t\t\/>\n\t\t\t<\/a>\n\t\t<\/div>\n\t\t\t\t\t\t\t<\/div>\n\t\t\t\n\t\t\t\t\t\t\t\n\t\t\t\t<div id=\"ngg-image-3\" class=\"ngg-gallery-thumbnail-box\"\n\t\t\t\t\t\t\t\t\t\t\t>\n\t\t\t\t\t\t<div class=\"ngg-gallery-thumbnail\">\n\t\t\t<a href=\"http:\/\/www.pamplonaortodoncia.com\/wp-content\/gallery\/asier\/07-03-034-Frontal-Smiling-24092014-1.jpg\"\n\t\t\t\ttitle=\"\"\n\t\t\t\tdata-src=\"http:\/\/www.pamplonaortodoncia.com\/wp-content\/gallery\/asier\/07-03-034-Frontal-Smiling-24092014-1.jpg\"\n\t\t\t\tdata-thumbnail=\"http:\/\/www.pamplonaortodoncia.com\/wp-content\/gallery\/asier\/thumbs\/thumbs_07-03-034-Frontal-Smiling-24092014-1.jpg\"\n\t\t\t\tdata-image-id=\"378\"\n\t\t\t\tdata-title=\"07-03--034-Frontal Smiling-24092014 (1).jpg\"\n\t\t\t\tdata-description=\"\"\n\t\t\t\tdata-image-slug=\"07-03-034-frontal-smiling-24092014-1-jpg\"\n\t\t\t\t\t\t\t\t\t\t\t\t\t\t\t\t\t\t\t\tclass=\"shutterset_830fa5513d1c1982a776ba69faa76d57\">\n\t\t\t\t\t\t\t\t<img\n\t\t\t\t\ttitle=\"07-03--034-Frontal Smiling-24092014 (1).jpg\"\n\t\t\t\t\talt=\"07-03--034-Frontal Smiling-24092014 (1).jpg\"\n\t\t\t\t\tsrc=\"http:\/\/www.pamplonaortodoncia.com\/wp-content\/gallery\/asier\/thumbs\/thumbs_07-03-034-Frontal-Smiling-24092014-1.jpg\"\n\t\t\t\t\twidth=\"200\"\n\t\t\t\t\theight=\"150\"\n\t\t\t\t\tstyle=\"max-width:100%;\"\n\t\t\t\t\/>\n\t\t\t<\/a>\n\t\t<\/div>\n\t\t\t\t\t\t\t<\/div>\n\t\t\t\n\t\t\t\t\t\t\t\t\t<br style=\"clear: both\" \/>\n\t\t\t\t\t\n\t\t\t\t<div id=\"ngg-image-4\" class=\"ngg-gallery-thumbnail-box\"\n\t\t\t\t\t\t\t\t\t\t\t>\n\t\t\t\t\t\t<div class=\"ngg-gallery-thumbnail\">\n\t\t\t<a href=\"http:\/\/www.pamplonaortodoncia.com\/wp-content\/gallery\/asier\/03-04-073-Anterior-Bite-01012006.jpg\"\n\t\t\t\ttitle=\"\"\n\t\t\t\tdata-src=\"http:\/\/www.pamplonaortodoncia.com\/wp-content\/gallery\/asier\/03-04-073-Anterior-Bite-01012006.jpg\"\n\t\t\t\tdata-thumbnail=\"http:\/\/www.pamplonaortodoncia.com\/wp-content\/gallery\/asier\/thumbs\/thumbs_03-04-073-Anterior-Bite-01012006.jpg\"\n\t\t\t\tdata-image-id=\"371\"\n\t\t\t\tdata-title=\"03-04--073-Anterior Bite-01012006.jpg\"\n\t\t\t\tdata-description=\"\"\n\t\t\t\tdata-image-slug=\"03-04-073-anterior-bite-01012006-jpg\"\n\t\t\t\t\t\t\t\t\t\t\t\t\t\t\t\t\t\t\t\tclass=\"shutterset_830fa5513d1c1982a776ba69faa76d57\">\n\t\t\t\t\t\t\t\t<img\n\t\t\t\t\ttitle=\"03-04--073-Anterior Bite-01012006.jpg\"\n\t\t\t\t\talt=\"03-04--073-Anterior Bite-01012006.jpg\"\n\t\t\t\t\tsrc=\"http:\/\/www.pamplonaortodoncia.com\/wp-content\/gallery\/asier\/thumbs\/thumbs_03-04-073-Anterior-Bite-01012006.jpg\"\n\t\t\t\t\twidth=\"200\"\n\t\t\t\t\theight=\"150\"\n\t\t\t\t\tstyle=\"max-width:100%;\"\n\t\t\t\t\/>\n\t\t\t<\/a>\n\t\t<\/div>\n\t\t\t\t\t\t\t<\/div>\n\t\t\t\n\t\t\t\t\t\t\t\n\t\t\t\t<div id=\"ngg-image-5\" class=\"ngg-gallery-thumbnail-box\"\n\t\t\t\t\t\t\t\t\t\t\t>\n\t\t\t\t\t\t<div class=\"ngg-gallery-thumbnail\">\n\t\t\t<a href=\"http:\/\/www.pamplonaortodoncia.com\/wp-content\/gallery\/asier\/07-04-073-Anterior-Bite-24092014.jpg\"\n\t\t\t\ttitle=\"\"\n\t\t\t\tdata-src=\"http:\/\/www.pamplonaortodoncia.com\/wp-content\/gallery\/asier\/07-04-073-Anterior-Bite-24092014.jpg\"\n\t\t\t\tdata-thumbnail=\"http:\/\/www.pamplonaortodoncia.com\/wp-content\/gallery\/asier\/thumbs\/thumbs_07-04-073-Anterior-Bite-24092014.jpg\"\n\t\t\t\tdata-image-id=\"379\"\n\t\t\t\tdata-title=\"07-04--073-Anterior Bite-24092014.jpg\"\n\t\t\t\tdata-description=\"\"\n\t\t\t\tdata-image-slug=\"07-04-073-anterior-bite-24092014-jpg\"\n\t\t\t\t\t\t\t\t\t\t\t\t\t\t\t\t\t\t\t\tclass=\"shutterset_830fa5513d1c1982a776ba69faa76d57\">\n\t\t\t\t\t\t\t\t<img\n\t\t\t\t\ttitle=\"07-04--073-Anterior Bite-24092014.jpg\"\n\t\t\t\t\talt=\"07-04--073-Anterior Bite-24092014.jpg\"\n\t\t\t\t\tsrc=\"http:\/\/www.pamplonaortodoncia.com\/wp-content\/gallery\/asier\/thumbs\/thumbs_07-04-073-Anterior-Bite-24092014.jpg\"\n\t\t\t\t\twidth=\"200\"\n\t\t\t\t\theight=\"150\"\n\t\t\t\t\tstyle=\"max-width:100%;\"\n\t\t\t\t\/>\n\t\t\t<\/a>\n\t\t<\/div>\n\t\t\t\t\t\t\t<\/div>\n\t\t\t\n\t\t\t\t\t\t\t\t\t<br style=\"clear: both\" \/>\n\t\t\t\t\t\n\t\t\t\t<div id=\"ngg-image-6\" class=\"ngg-gallery-thumbnail-box\"\n\t\t\t\t\t\t\t\t\t\t\t>\n\t\t\t\t\t\t<div class=\"ngg-gallery-thumbnail\">\n\t\t\t<a href=\"http:\/\/www.pamplonaortodoncia.com\/wp-content\/gallery\/asier\/03-05-075-Right-Bite-01012006.jpg\"\n\t\t\t\ttitle=\"\"\n\t\t\t\tdata-src=\"http:\/\/www.pamplonaortodoncia.com\/wp-content\/gallery\/asier\/03-05-075-Right-Bite-01012006.jpg\"\n\t\t\t\tdata-thumbnail=\"http:\/\/www.pamplonaortodoncia.com\/wp-content\/gallery\/asier\/thumbs\/thumbs_03-05-075-Right-Bite-01012006.jpg\"\n\t\t\t\tdata-image-id=\"372\"\n\t\t\t\tdata-title=\"03-05--075-Right Bite-01012006.jpg\"\n\t\t\t\tdata-description=\"\"\n\t\t\t\tdata-image-slug=\"03-05-075-right-bite-01012006-jpg\"\n\t\t\t\t\t\t\t\t\t\t\t\t\t\t\t\t\t\t\t\tclass=\"shutterset_830fa5513d1c1982a776ba69faa76d57\">\n\t\t\t\t\t\t\t\t<img\n\t\t\t\t\ttitle=\"03-05--075-Right Bite-01012006.jpg\"\n\t\t\t\t\talt=\"03-05--075-Right Bite-01012006.jpg\"\n\t\t\t\t\tsrc=\"http:\/\/www.pamplonaortodoncia.com\/wp-content\/gallery\/asier\/thumbs\/thumbs_03-05-075-Right-Bite-01012006.jpg\"\n\t\t\t\t\twidth=\"200\"\n\t\t\t\t\theight=\"150\"\n\t\t\t\t\tstyle=\"max-width:100%;\"\n\t\t\t\t\/>\n\t\t\t<\/a>\n\t\t<\/div>\n\t\t\t\t\t\t\t<\/div>\n\t\t\t\n\t\t\t\t\t\t\t\n\t\t\t\t<div id=\"ngg-image-7\" class=\"ngg-gallery-thumbnail-box\"\n\t\t\t\t\t\t\t\t\t\t\t>\n\t\t\t\t\t\t<div class=\"ngg-gallery-thumbnail\">\n\t\t\t<a href=\"http:\/\/www.pamplonaortodoncia.com\/wp-content\/gallery\/asier\/07-05-075-Right-Bite-24092014.jpg\"\n\t\t\t\ttitle=\"\"\n\t\t\t\tdata-src=\"http:\/\/www.pamplonaortodoncia.com\/wp-content\/gallery\/asier\/07-05-075-Right-Bite-24092014.jpg\"\n\t\t\t\tdata-thumbnail=\"http:\/\/www.pamplonaortodoncia.com\/wp-content\/gallery\/asier\/thumbs\/thumbs_07-05-075-Right-Bite-24092014.jpg\"\n\t\t\t\tdata-image-id=\"380\"\n\t\t\t\tdata-title=\"07-05--075-Right Bite-24092014.jpg\"\n\t\t\t\tdata-description=\"\"\n\t\t\t\tdata-image-slug=\"07-05-075-right-bite-24092014-jpg\"\n\t\t\t\t\t\t\t\t\t\t\t\t\t\t\t\t\t\t\t\tclass=\"shutterset_830fa5513d1c1982a776ba69faa76d57\">\n\t\t\t\t\t\t\t\t<img\n\t\t\t\t\ttitle=\"07-05--075-Right Bite-24092014.jpg\"\n\t\t\t\t\talt=\"07-05--075-Right Bite-24092014.jpg\"\n\t\t\t\t\tsrc=\"http:\/\/www.pamplonaortodoncia.com\/wp-content\/gallery\/asier\/thumbs\/thumbs_07-05-075-Right-Bite-24092014.jpg\"\n\t\t\t\t\twidth=\"200\"\n\t\t\t\t\theight=\"150\"\n\t\t\t\t\tstyle=\"max-width:100%;\"\n\t\t\t\t\/>\n\t\t\t<\/a>\n\t\t<\/div>\n\t\t\t\t\t\t\t<\/div>\n\t\t\t\n\t\t\t\t\t\t\t\t\t<br style=\"clear: both\" \/>\n\t\t\t\t\t\n\t\t\t\t<div id=\"ngg-image-8\" class=\"ngg-gallery-thumbnail-box\"\n\t\t\t\t\t\t\t\t\t\t\t>\n\t\t\t\t\t\t<div class=\"ngg-gallery-thumbnail\">\n\t\t\t<a href=\"http:\/\/www.pamplonaortodoncia.com\/wp-content\/gallery\/asier\/03-06-074-Left-Bite-01012006.jpg\"\n\t\t\t\ttitle=\"\"\n\t\t\t\tdata-src=\"http:\/\/www.pamplonaortodoncia.com\/wp-content\/gallery\/asier\/03-06-074-Left-Bite-01012006.jpg\"\n\t\t\t\tdata-thumbnail=\"http:\/\/www.pamplonaortodoncia.com\/wp-content\/gallery\/asier\/thumbs\/thumbs_03-06-074-Left-Bite-01012006.jpg\"\n\t\t\t\tdata-image-id=\"373\"\n\t\t\t\tdata-title=\"03-06--074-Left Bite-01012006.jpg\"\n\t\t\t\tdata-description=\"\"\n\t\t\t\tdata-image-slug=\"03-06-074-left-bite-01012006-jpg\"\n\t\t\t\t\t\t\t\t\t\t\t\t\t\t\t\t\t\t\t\tclass=\"shutterset_830fa5513d1c1982a776ba69faa76d57\">\n\t\t\t\t\t\t\t\t<img\n\t\t\t\t\ttitle=\"03-06--074-Left Bite-01012006.jpg\"\n\t\t\t\t\talt=\"03-06--074-Left Bite-01012006.jpg\"\n\t\t\t\t\tsrc=\"http:\/\/www.pamplonaortodoncia.com\/wp-content\/gallery\/asier\/thumbs\/thumbs_03-06-074-Left-Bite-01012006.jpg\"\n\t\t\t\t\twidth=\"200\"\n\t\t\t\t\theight=\"150\"\n\t\t\t\t\tstyle=\"max-width:100%;\"\n\t\t\t\t\/>\n\t\t\t<\/a>\n\t\t<\/div>\n\t\t\t\t\t\t\t<\/div>\n\t\t\t\n\t\t\t\t\t\t\t\n\t\t\t\t<div id=\"ngg-image-9\" class=\"ngg-gallery-thumbnail-box\"\n\t\t\t\t\t\t\t\t\t\t\t>\n\t\t\t\t\t\t<div class=\"ngg-gallery-thumbnail\">\n\t\t\t<a href=\"http:\/\/www.pamplonaortodoncia.com\/wp-content\/gallery\/asier\/07-06-074-Left-Bite-24092014.jpg\"\n\t\t\t\ttitle=\"\"\n\t\t\t\tdata-src=\"http:\/\/www.pamplonaortodoncia.com\/wp-content\/gallery\/asier\/07-06-074-Left-Bite-24092014.jpg\"\n\t\t\t\tdata-thumbnail=\"http:\/\/www.pamplonaortodoncia.com\/wp-content\/gallery\/asier\/thumbs\/thumbs_07-06-074-Left-Bite-24092014.jpg\"\n\t\t\t\tdata-image-id=\"381\"\n\t\t\t\tdata-title=\"07-06--074-Left Bite-24092014.jpg\"\n\t\t\t\tdata-description=\"\"\n\t\t\t\tdata-image-slug=\"07-06-074-left-bite-24092014-jpg\"\n\t\t\t\t\t\t\t\t\t\t\t\t\t\t\t\t\t\t\t\tclass=\"shutterset_830fa5513d1c1982a776ba69faa76d57\">\n\t\t\t\t\t\t\t\t<img\n\t\t\t\t\ttitle=\"07-06--074-Left Bite-24092014.jpg\"\n\t\t\t\t\talt=\"07-06--074-Left Bite-24092014.jpg\"\n\t\t\t\t\tsrc=\"http:\/\/www.pamplonaortodoncia.com\/wp-content\/gallery\/asier\/thumbs\/thumbs_07-06-074-Left-Bite-24092014.jpg\"\n\t\t\t\t\twidth=\"200\"\n\t\t\t\t\theight=\"150\"\n\t\t\t\t\tstyle=\"max-width:100%;\"\n\t\t\t\t\/>\n\t\t\t<\/a>\n\t\t<\/div>\n\t\t\t\t\t\t\t<\/div>\n\t\t\t\n\t\t\t\t\t\t\t\t\t<br style=\"clear: both\" \/>\n\t\t\t\t\t\n\t\t\t\t<div id=\"ngg-image-10\" class=\"ngg-gallery-thumbnail-box\"\n\t\t\t\t\t\t\t\t\t\t\t>\n\t\t\t\t\t\t<div class=\"ngg-gallery-thumbnail\">\n\t\t\t<a href=\"http:\/\/www.pamplonaortodoncia.com\/wp-content\/gallery\/asier\/03-07-076-Upper-Occlusal-01012006.jpg\"\n\t\t\t\ttitle=\"\"\n\t\t\t\tdata-src=\"http:\/\/www.pamplonaortodoncia.com\/wp-content\/gallery\/asier\/03-07-076-Upper-Occlusal-01012006.jpg\"\n\t\t\t\tdata-thumbnail=\"http:\/\/www.pamplonaortodoncia.com\/wp-content\/gallery\/asier\/thumbs\/thumbs_03-07-076-Upper-Occlusal-01012006.jpg\"\n\t\t\t\tdata-image-id=\"374\"\n\t\t\t\tdata-title=\"03-07--076-Upper Occlusal-01012006.jpg\"\n\t\t\t\tdata-description=\"\"\n\t\t\t\tdata-image-slug=\"03-07-076-upper-occlusal-01012006-jpg\"\n\t\t\t\t\t\t\t\t\t\t\t\t\t\t\t\t\t\t\t\tclass=\"shutterset_830fa5513d1c1982a776ba69faa76d57\">\n\t\t\t\t\t\t\t\t<img\n\t\t\t\t\ttitle=\"03-07--076-Upper Occlusal-01012006.jpg\"\n\t\t\t\t\talt=\"03-07--076-Upper Occlusal-01012006.jpg\"\n\t\t\t\t\tsrc=\"http:\/\/www.pamplonaortodoncia.com\/wp-content\/gallery\/asier\/thumbs\/thumbs_03-07-076-Upper-Occlusal-01012006.jpg\"\n\t\t\t\t\twidth=\"200\"\n\t\t\t\t\theight=\"150\"\n\t\t\t\t\tstyle=\"max-width:100%;\"\n\t\t\t\t\/>\n\t\t\t<\/a>\n\t\t<\/div>\n\t\t\t\t\t\t\t<\/div>\n\t\t\t\n\t\t\t\t\t\t\t\n\t\t\t\t<div id=\"ngg-image-11\" class=\"ngg-gallery-thumbnail-box\"\n\t\t\t\t\t\t\t\t\t\t\t>\n\t\t\t\t\t\t<div class=\"ngg-gallery-thumbnail\">\n\t\t\t<a href=\"http:\/\/www.pamplonaortodoncia.com\/wp-content\/gallery\/asier\/07-07-076-Upper-Occlusal-24092014.jpg\"\n\t\t\t\ttitle=\"\"\n\t\t\t\tdata-src=\"http:\/\/www.pamplonaortodoncia.com\/wp-content\/gallery\/asier\/07-07-076-Upper-Occlusal-24092014.jpg\"\n\t\t\t\tdata-thumbnail=\"http:\/\/www.pamplonaortodoncia.com\/wp-content\/gallery\/asier\/thumbs\/thumbs_07-07-076-Upper-Occlusal-24092014.jpg\"\n\t\t\t\tdata-image-id=\"382\"\n\t\t\t\tdata-title=\"07-07--076-Upper Occlusal-24092014.jpg\"\n\t\t\t\tdata-description=\"\"\n\t\t\t\tdata-image-slug=\"07-07-076-upper-occlusal-24092014-jpg\"\n\t\t\t\t\t\t\t\t\t\t\t\t\t\t\t\t\t\t\t\tclass=\"shutterset_830fa5513d1c1982a776ba69faa76d57\">\n\t\t\t\t\t\t\t\t<img\n\t\t\t\t\ttitle=\"07-07--076-Upper Occlusal-24092014.jpg\"\n\t\t\t\t\talt=\"07-07--076-Upper Occlusal-24092014.jpg\"\n\t\t\t\t\tsrc=\"http:\/\/www.pamplonaortodoncia.com\/wp-content\/gallery\/asier\/thumbs\/thumbs_07-07-076-Upper-Occlusal-24092014.jpg\"\n\t\t\t\t\twidth=\"200\"\n\t\t\t\t\theight=\"150\"\n\t\t\t\t\tstyle=\"max-width:100%;\"\n\t\t\t\t\/>\n\t\t\t<\/a>\n\t\t<\/div>\n\t\t\t\t\t\t\t<\/div>\n\t\t\t\n\t\t\t\t\t\t\t\t\t<br style=\"clear: both\" \/>\n\t\t\t\t\t\n\t\t\t\t<div id=\"ngg-image-12\" class=\"ngg-gallery-thumbnail-box\"\n\t\t\t\t\t\t\t\t\t\t\t>\n\t\t\t\t\t\t<div class=\"ngg-gallery-thumbnail\">\n\t\t\t<a href=\"http:\/\/www.pamplonaortodoncia.com\/wp-content\/gallery\/asier\/03-08-077-Lower-Occlusal-01012006.jpg\"\n\t\t\t\ttitle=\"\"\n\t\t\t\tdata-src=\"http:\/\/www.pamplonaortodoncia.com\/wp-content\/gallery\/asier\/03-08-077-Lower-Occlusal-01012006.jpg\"\n\t\t\t\tdata-thumbnail=\"http:\/\/www.pamplonaortodoncia.com\/wp-content\/gallery\/asier\/thumbs\/thumbs_03-08-077-Lower-Occlusal-01012006.jpg\"\n\t\t\t\tdata-image-id=\"367\"\n\t\t\t\tdata-title=\"03-08--077-Lower Occlusal-01012006.jpg\"\n\t\t\t\tdata-description=\"\"\n\t\t\t\tdata-image-slug=\"03-08-077-lower-occlusal-01012006-jpg\"\n\t\t\t\t\t\t\t\t\t\t\t\t\t\t\t\t\t\t\t\tclass=\"shutterset_830fa5513d1c1982a776ba69faa76d57\">\n\t\t\t\t\t\t\t\t<img\n\t\t\t\t\ttitle=\"03-08--077-Lower Occlusal-01012006.jpg\"\n\t\t\t\t\talt=\"03-08--077-Lower Occlusal-01012006.jpg\"\n\t\t\t\t\tsrc=\"http:\/\/www.pamplonaortodoncia.com\/wp-content\/gallery\/asier\/thumbs\/thumbs_03-08-077-Lower-Occlusal-01012006.jpg\"\n\t\t\t\t\twidth=\"200\"\n\t\t\t\t\theight=\"150\"\n\t\t\t\t\tstyle=\"max-width:100%;\"\n\t\t\t\t\/>\n\t\t\t<\/a>\n\t\t<\/div>\n\t\t\t\t\t\t\t<\/div>\n\t\t\t\n\t\t\t\t\t\t\t\n\t\t\t\t<div id=\"ngg-image-13\" class=\"ngg-gallery-thumbnail-box\"\n\t\t\t\t\t\t\t\t\t\t\t>\n\t\t\t\t\t\t<div class=\"ngg-gallery-thumbnail\">\n\t\t\t<a href=\"http:\/\/www.pamplonaortodoncia.com\/wp-content\/gallery\/asier\/07-08-077-Lower-Occlusal-24092014.jpg\"\n\t\t\t\ttitle=\"\"\n\t\t\t\tdata-src=\"http:\/\/www.pamplonaortodoncia.com\/wp-content\/gallery\/asier\/07-08-077-Lower-Occlusal-24092014.jpg\"\n\t\t\t\tdata-thumbnail=\"http:\/\/www.pamplonaortodoncia.com\/wp-content\/gallery\/asier\/thumbs\/thumbs_07-08-077-Lower-Occlusal-24092014.jpg\"\n\t\t\t\tdata-image-id=\"375\"\n\t\t\t\tdata-title=\"07-08--077-Lower Occlusal-24092014.jpg\"\n\t\t\t\tdata-description=\"\"\n\t\t\t\tdata-image-slug=\"07-08-077-lower-occlusal-24092014-jpg\"\n\t\t\t\t\t\t\t\t\t\t\t\t\t\t\t\t\t\t\t\tclass=\"shutterset_830fa5513d1c1982a776ba69faa76d57\">\n\t\t\t\t\t\t\t\t<img\n\t\t\t\t\ttitle=\"07-08--077-Lower Occlusal-24092014.jpg\"\n\t\t\t\t\talt=\"07-08--077-Lower Occlusal-24092014.jpg\"\n\t\t\t\t\tsrc=\"http:\/\/www.pamplonaortodoncia.com\/wp-content\/gallery\/asier\/thumbs\/thumbs_07-08-077-Lower-Occlusal-24092014.jpg\"\n\t\t\t\t\twidth=\"200\"\n\t\t\t\t\theight=\"150\"\n\t\t\t\t\tstyle=\"max-width:100%;\"\n\t\t\t\t\/>\n\t\t\t<\/a>\n\t\t<\/div>\n\t\t\t\t\t\t\t<\/div>\n\t\t\t\n\t\t\t\t\t\t\t\t\t<br style=\"clear: both\" \/>\n\t\t\t\t\t\n\t\t\t\t<div id=\"ngg-image-14\" class=\"ngg-gallery-thumbnail-box\"\n\t\t\t\t\t\t\t\t\t\t\t>\n\t\t\t\t\t\t<div class=\"ngg-gallery-thumbnail\">\n\t\t\t<a href=\"http:\/\/www.pamplonaortodoncia.com\/wp-content\/gallery\/asier\/03-01-033-Right-Profile-01012006-1.jpg\"\n\t\t\t\ttitle=\"\"\n\t\t\t\tdata-src=\"http:\/\/www.pamplonaortodoncia.com\/wp-content\/gallery\/asier\/03-01-033-Right-Profile-01012006-1.jpg\"\n\t\t\t\tdata-thumbnail=\"http:\/\/www.pamplonaortodoncia.com\/wp-content\/gallery\/asier\/thumbs\/thumbs_03-01-033-Right-Profile-01012006-1.jpg\"\n\t\t\t\tdata-image-id=\"368\"\n\t\t\t\tdata-title=\"03-01--033-Right Profile-01012006 (1).jpg\"\n\t\t\t\tdata-description=\"\"\n\t\t\t\tdata-image-slug=\"03-01-033-right-profile-01012006-1-jpg\"\n\t\t\t\t\t\t\t\t\t\t\t\t\t\t\t\t\t\t\t\tclass=\"shutterset_830fa5513d1c1982a776ba69faa76d57\">\n\t\t\t\t\t\t\t\t<img\n\t\t\t\t\ttitle=\"03-01--033-Right Profile-01012006 (1).jpg\"\n\t\t\t\t\talt=\"03-01--033-Right Profile-01012006 (1).jpg\"\n\t\t\t\t\tsrc=\"http:\/\/www.pamplonaortodoncia.com\/wp-content\/gallery\/asier\/thumbs\/thumbs_03-01-033-Right-Profile-01012006-1.jpg\"\n\t\t\t\t\twidth=\"200\"\n\t\t\t\t\theight=\"150\"\n\t\t\t\t\tstyle=\"max-width:100%;\"\n\t\t\t\t\/>\n\t\t\t<\/a>\n\t\t<\/div>\n\t\t\t\t\t\t\t<\/div>\n\t\t\t\n\t\t\t\t\t\t\t\n\t\t\t\t<div id=\"ngg-image-15\" class=\"ngg-gallery-thumbnail-box\"\n\t\t\t\t\t\t\t\t\t\t\t>\n\t\t\t\t\t\t<div class=\"ngg-gallery-thumbnail\">\n\t\t\t<a href=\"http:\/\/www.pamplonaortodoncia.com\/wp-content\/gallery\/asier\/07-01-033-Right-Profile-24092014-1.jpg\"\n\t\t\t\ttitle=\"\"\n\t\t\t\tdata-src=\"http:\/\/www.pamplonaortodoncia.com\/wp-content\/gallery\/asier\/07-01-033-Right-Profile-24092014-1.jpg\"\n\t\t\t\tdata-thumbnail=\"http:\/\/www.pamplonaortodoncia.com\/wp-content\/gallery\/asier\/thumbs\/thumbs_07-01-033-Right-Profile-24092014-1.jpg\"\n\t\t\t\tdata-image-id=\"376\"\n\t\t\t\tdata-title=\"07-01--033-Right Profile-24092014 (1).jpg\"\n\t\t\t\tdata-description=\"\"\n\t\t\t\tdata-image-slug=\"07-01-033-right-profile-24092014-1-jpg\"\n\t\t\t\t\t\t\t\t\t\t\t\t\t\t\t\t\t\t\t\tclass=\"shutterset_830fa5513d1c1982a776ba69faa76d57\">\n\t\t\t\t\t\t\t\t<img\n\t\t\t\t\ttitle=\"07-01--033-Right Profile-24092014 (1).jpg\"\n\t\t\t\t\talt=\"07-01--033-Right Profile-24092014 (1).jpg\"\n\t\t\t\t\tsrc=\"http:\/\/www.pamplonaortodoncia.com\/wp-content\/gallery\/asier\/thumbs\/thumbs_07-01-033-Right-Profile-24092014-1.jpg\"\n\t\t\t\t\twidth=\"200\"\n\t\t\t\t\theight=\"150\"\n\t\t\t\t\tstyle=\"max-width:100%;\"\n\t\t\t\t\/>\n\t\t\t<\/a>\n\t\t<\/div>\n\t\t\t\t\t\t\t<\/div>\n\t\t\t\n\t\t\t\t\t\t\t\t\t<br style=\"clear: both\" \/>\n\t\t\t\t\t\n\t\t\t\t<div id=\"ngg-image-16\" class=\"ngg-gallery-thumbnail-box\"\n\t\t\t\t\t\t\t\t\t\t\t>\n\t\t\t\t\t\t<div class=\"ngg-gallery-thumbnail\">\n\t\t\t<a href=\"http:\/\/www.pamplonaortodoncia.com\/wp-content\/gallery\/asier\/03-02-031-Frontal-01012006-1.jpg\"\n\t\t\t\ttitle=\"\"\n\t\t\t\tdata-src=\"http:\/\/www.pamplonaortodoncia.com\/wp-content\/gallery\/asier\/03-02-031-Frontal-01012006-1.jpg\"\n\t\t\t\tdata-thumbnail=\"http:\/\/www.pamplonaortodoncia.com\/wp-content\/gallery\/asier\/thumbs\/thumbs_03-02-031-Frontal-01012006-1.jpg\"\n\t\t\t\tdata-image-id=\"369\"\n\t\t\t\tdata-title=\"03-02--031-Frontal-01012006 (1).jpg\"\n\t\t\t\tdata-description=\"\"\n\t\t\t\tdata-image-slug=\"03-02-031-frontal-01012006-1-jpg\"\n\t\t\t\t\t\t\t\t\t\t\t\t\t\t\t\t\t\t\t\tclass=\"shutterset_830fa5513d1c1982a776ba69faa76d57\">\n\t\t\t\t\t\t\t\t<img\n\t\t\t\t\ttitle=\"03-02--031-Frontal-01012006 (1).jpg\"\n\t\t\t\t\talt=\"03-02--031-Frontal-01012006 (1).jpg\"\n\t\t\t\t\tsrc=\"http:\/\/www.pamplonaortodoncia.com\/wp-content\/gallery\/asier\/thumbs\/thumbs_03-02-031-Frontal-01012006-1.jpg\"\n\t\t\t\t\twidth=\"200\"\n\t\t\t\t\theight=\"150\"\n\t\t\t\t\tstyle=\"max-width:100%;\"\n\t\t\t\t\/>\n\t\t\t<\/a>\n\t\t<\/div>\n\t\t\t\t\t\t\t<\/div>\n\t\t\t\n\t\t\t\t\t\t\t\n\t\t\t\t<div id=\"ngg-image-17\" class=\"ngg-gallery-thumbnail-box\"\n\t\t\t\t\t\t\t\t\t\t\t>\n\t\t\t\t\t\t<div class=\"ngg-gallery-thumbnail\">\n\t\t\t<a href=\"http:\/\/www.pamplonaortodoncia.com\/wp-content\/gallery\/asier\/07-02-031-Frontal-24092014-1.jpg\"\n\t\t\t\ttitle=\"\"\n\t\t\t\tdata-src=\"http:\/\/www.pamplonaortodoncia.com\/wp-content\/gallery\/asier\/07-02-031-Frontal-24092014-1.jpg\"\n\t\t\t\tdata-thumbnail=\"http:\/\/www.pamplonaortodoncia.com\/wp-content\/gallery\/asier\/thumbs\/thumbs_07-02-031-Frontal-24092014-1.jpg\"\n\t\t\t\tdata-image-id=\"377\"\n\t\t\t\tdata-title=\"07-02--031-Frontal-24092014 (1).jpg\"\n\t\t\t\tdata-description=\"\"\n\t\t\t\tdata-image-slug=\"07-02-031-frontal-24092014-1-jpg\"\n\t\t\t\t\t\t\t\t\t\t\t\t\t\t\t\t\t\t\t\tclass=\"shutterset_830fa5513d1c1982a776ba69faa76d57\">\n\t\t\t\t\t\t\t\t<img\n\t\t\t\t\ttitle=\"07-02--031-Frontal-24092014 (1).jpg\"\n\t\t\t\t\talt=\"07-02--031-Frontal-24092014 (1).jpg\"\n\t\t\t\t\tsrc=\"http:\/\/www.pamplonaortodoncia.com\/wp-content\/gallery\/asier\/thumbs\/thumbs_07-02-031-Frontal-24092014-1.jpg\"\n\t\t\t\t\twidth=\"200\"\n\t\t\t\t\theight=\"150\"\n\t\t\t\t\tstyle=\"max-width:100%;\"\n\t\t\t\t\/>\n\t\t\t<\/a>\n\t\t<\/div>\n\t\t\t\t\t\t\t<\/div>\n\t\t\t\n\t\t\t\t\t\t\t\t\t<br style=\"clear: both\" \/>\n\t\t\t\t\t\n\t\t\n\t\t<!-- Pagination -->\n\t\t<div class='ngg-clear'><\/div>\t<\/div>\n<\/p>\n","protected":false},"excerpt":{"rendered":"<p>El paciente A.J. de 11 a\u00f1os, acude a nuestra consulta con api\u00f1amiento maxilar importante. El canino lateral (12) est\u00e1 en mordida cruzada. Presenta una Clase II molar y canina, y la l\u00ednea media est\u00e1 desviada. Se realiz\u00f3 un tratamiento con brackets autoligables met\u00e1licos de smartclip 022. La duraci\u00f3n del tratamiento fue de 22 meses. El [&hellip;]<\/p>\n","protected":false},"author":3,"featured_media":0,"comment_status":"closed","ping_status":"open","sticky":false,"template":"","format":"standard","meta":{"_monsterinsights_skip_tracking":false,"_monsterinsights_sitenote_active":false,"_monsterinsights_sitenote_note":"","_monsterinsights_sitenote_category":0,"ngg_post_thumbnail":0,"footnotes":""},"categories":[6],"tags":[134,107,133,135],"class_list":["post-1632","post","type-post","status-publish","format-standard","hentry","category-casos_clinicos","tag-apinamiento","tag-brackets","tag-clase-ii","tag-linea-media"],"_links":{"self":[{"href":"http:\/\/www.pamplonaortodoncia.com\/index.php?rest_route=\/wp\/v2\/posts\/1632","targetHints":{"allow":["GET"]}}],"collection":[{"href":"http:\/\/www.pamplonaortodoncia.com\/index.php?rest_route=\/wp\/v2\/posts"}],"about":[{"href":"http:\/\/www.pamplonaortodoncia.com\/index.php?rest_route=\/wp\/v2\/types\/post"}],"author":[{"embeddable":true,"href":"http:\/\/www.pamplonaortodoncia.com\/index.php?rest_route=\/wp\/v2\/users\/3"}],"replies":[{"embeddable":true,"href":"http:\/\/www.pamplonaortodoncia.com\/index.php?rest_route=%2Fwp%2Fv2%2Fcomments&post=1632"}],"version-history":[{"count":0,"href":"http:\/\/www.pamplonaortodoncia.com\/index.php?rest_route=\/wp\/v2\/posts\/1632\/revisions"}],"wp:attachment":[{"href":"http:\/\/www.pamplonaortodoncia.com\/index.php?rest_route=%2Fwp%2Fv2%2Fmedia&parent=1632"}],"wp:term":[{"taxonomy":"category","embeddable":true,"href":"http:\/\/www.pamplonaortodoncia.com\/index.php?rest_route=%2Fwp%2Fv2%2Fcategories&post=1632"},{"taxonomy":"post_tag","embeddable":true,"href":"http:\/\/www.pamplonaortodoncia.com\/index.php?rest_route=%2Fwp%2Fv2%2Ftags&post=1632"}],"curies":[{"name":"wp","href":"https:\/\/api.w.org\/{rel}","templated":true}]}}