{"id":2278,"date":"2016-02-03T11:22:52","date_gmt":"2016-02-03T11:22:52","guid":{"rendered":"http:\/\/www.pamplonaortodoncia.com\/?p=2278"},"modified":"2016-02-03T11:22:52","modified_gmt":"2016-02-03T11:22:52","slug":"diez-mitos-a-desmontar-sobre-la-salud-bucodental","status":"publish","type":"post","link":"http:\/\/www.pamplonaortodoncia.com\/?p=2278","title":{"rendered":"Diez mitos a desmontar sobre la salud bucodental"},"content":{"rendered":"<p>El cuidado de la boca, dientes y enc\u00edas est\u00e1 lleno de mitos que complican la salud bucodental.<\/p>\n<h4><strong><span style=\"color: #99ccff\">Lo que mejor me va son los palillos de dientes despu\u00e9s de las comidas<\/span><\/strong><\/h4>\n<p>El uso de palillos o mondadientes, que no est\u00e9n espec\u00edficamente dise\u00f1ados para limpiar la <a href=\"http:\/\/www.pamplonaortodoncia.com\/wp-content\/uploads\/2016\/02\/palillos-de-dientes-maqueta.jpg\"><img decoding=\"async\" class=\" wp-image-2293 alignright\" src=\"http:\/\/www.pamplonaortodoncia.com\/wp-content\/uploads\/2016\/02\/palillos-de-dientes-maqueta.jpg\" alt=\"palillos-de-dientes-maqueta\" width=\"237\" height=\"134\" srcset=\"http:\/\/www.pamplonaortodoncia.com\/wp-content\/uploads\/2016\/02\/palillos-de-dientes-maqueta.jpg 530w, http:\/\/www.pamplonaortodoncia.com\/wp-content\/uploads\/2016\/02\/palillos-de-dientes-maqueta-200x113.jpg 200w, http:\/\/www.pamplonaortodoncia.com\/wp-content\/uploads\/2016\/02\/palillos-de-dientes-maqueta-350x198.jpg 350w, http:\/\/www.pamplonaortodoncia.com\/wp-content\/uploads\/2016\/02\/palillos-de-dientes-maqueta-100x57.jpg 100w, http:\/\/www.pamplonaortodoncia.com\/wp-content\/uploads\/2016\/02\/palillos-de-dientes-maqueta-263x149.jpg 263w\" sizes=\"(max-width: 237px) 100vw, 237px\" \/><\/a>placa entre los dientes, no es aconsejable, ya que con \u00e9l puede producirse lesi\u00f3n en el espacio entre los dientes ocupado por la papila, de forma que se infringe un trauma repetitivo que debe evitarse. La seda dental (si no hay apenas espacio entre los dientes) o el cepillo interproximal (si entre los dientes hay suficiente espacio) son las opciones m\u00e1s recomendadas para sustituir definitivamente la funci\u00f3n de los palillos. Eso s\u00ed, hay palillos dentales espec\u00edficamente dise\u00f1ados para la higiene interdental, con eficacia demostrada en el control de placa interdental y en la inflamaci\u00f3n gingival.<\/p>\n<h4 class=\"ladillo\"><strong><span style=\"color: #99ccff\">Los cepillos duros y los enjuagues fuertes limpian mejor<\/span><\/strong><\/h4>\n<p class=\"p\"><a href=\"http:\/\/www.pamplonaortodoncia.com\/wp-content\/uploads\/2016\/02\/cepillo-de-dientes-y-enjuague-sobre-el-vidrio-mojado-38465244.jpg\"><img decoding=\"async\" class=\"size-full wp-image-2298 alignleft\" src=\"http:\/\/www.pamplonaortodoncia.com\/wp-content\/uploads\/2016\/02\/cepillo-de-dientes-y-enjuague-sobre-el-vidrio-mojado-38465244.jpg\" alt=\"cepillo-de-dientes-y-enjuague-sobre-el-vidrio-mojado-38465244\" width=\"225\" height=\"160\" srcset=\"http:\/\/www.pamplonaortodoncia.com\/wp-content\/uploads\/2016\/02\/cepillo-de-dientes-y-enjuague-sobre-el-vidrio-mojado-38465244.jpg 225w, http:\/\/www.pamplonaortodoncia.com\/wp-content\/uploads\/2016\/02\/cepillo-de-dientes-y-enjuague-sobre-el-vidrio-mojado-38465244-200x142.jpg 200w, http:\/\/www.pamplonaortodoncia.com\/wp-content\/uploads\/2016\/02\/cepillo-de-dientes-y-enjuague-sobre-el-vidrio-mojado-38465244-100x71.jpg 100w, http:\/\/www.pamplonaortodoncia.com\/wp-content\/uploads\/2016\/02\/cepillo-de-dientes-y-enjuague-sobre-el-vidrio-mojado-38465244-210x149.jpg 210w\" sizes=\"(max-width: 225px) 100vw, 225px\" \/><\/a>Mayoritariamente se acepta que los cepillos duros son m\u00e1s efectivos para eliminar la placa bacteriana y las manchas en los dientes, pero esto no es necesariamente cierto. En realidad, el cepillado con un cepillo de cerdas duras o el cepillado brusco o traum\u00e1tico produce desgaste en el esmalte y retracci\u00f3n en las enc\u00edas, quedando expuesta la ra\u00edz de la pieza dental. Se puede obtener un cepillado eficaz con cepillos de consistencia suave o media. Tampoco es del todo cierto que un enjuague bucal fuerte o con mucho alcohol es indispensable para la salud de las enc\u00edas; de hecho, los enjuagues con alto contenido en alcohol pueden producir sequedad de los tejidos orales al modificar la cantidad y calidad de la saliva.<\/p>\n<h4><strong><span style=\"color: #99ccff\">El mal aliento est\u00e1 relacionado con problemas de est\u00f3mago<\/span><\/strong><\/h4>\n<p>La halitosis o mal aliento se origina en un 85-90% de las veces en la cavidad oral. El mal <a href=\"http:\/\/www.pamplonaortodoncia.com\/wp-content\/uploads\/2016\/02\/HALITO.jpg\"><img decoding=\"async\" class=\"alignright  wp-image-2301\" src=\"http:\/\/www.pamplonaortodoncia.com\/wp-content\/uploads\/2016\/02\/HALITO.jpg\" alt=\"HALITO\" width=\"251\" height=\"167\" srcset=\"http:\/\/www.pamplonaortodoncia.com\/wp-content\/uploads\/2016\/02\/HALITO.jpg 275w, http:\/\/www.pamplonaortodoncia.com\/wp-content\/uploads\/2016\/02\/HALITO-200x133.jpg 200w, http:\/\/www.pamplonaortodoncia.com\/wp-content\/uploads\/2016\/02\/HALITO-100x67.jpg 100w, http:\/\/www.pamplonaortodoncia.com\/wp-content\/uploads\/2016\/02\/HALITO-224x149.jpg 224w\" sizes=\"(max-width: 251px) 100vw, 251px\" \/><\/a>olor procede del metabolismo de las bacterias anaerobias que hay en la boca; estas son capaces de degradar prote\u00ednas procedentes de las propias c\u00e9lulas de nuestro organismo o de otras bacterias y de nuestra dieta, produci\u00e9ndose compuestos sulfurados vol\u00e1tiles. Una higiene oral deficiente, especialmente entre los dientes, enfermedades en las enc\u00edas como la gingivitis y la periodontitis, y la presencia excesiva de sustratos en la lengua son las causas m\u00e1s habituales de halitosis.<\/p>\n<h4><strong><span style=\"color: #99ccff\">Mejor no cepillarme porque me sangran las enc\u00edas<\/span><\/strong><\/h4>\n<p>Una enc\u00eda sana no debe sangrar y, si lo hace, es porque algo no va bien. La mayor\u00eda de los pacientes atribuye el sangrado al cepillarse al tipo de cepillo o a la t\u00e9cnica empleada, sin saber que la causa del sangrado es una enfermedad de sus enc\u00edas que debe ser tratada. El sangrado de las enc\u00edas es un signo de inflamaci\u00f3n y de enfermedad.<\/p>\n<h4><strong><span style=\"color: #99ccff\">Si se tiene \u201cpiorrea\u201d, se pierden todos los dientes<\/span><\/strong><\/h4>\n<p><a href=\"http:\/\/www.pamplonaortodoncia.com\/wp-content\/uploads\/2016\/02\/Periodontitis-2.jpg\"><img loading=\"lazy\" decoding=\"async\" class=\"alignright  wp-image-2303\" src=\"http:\/\/www.pamplonaortodoncia.com\/wp-content\/uploads\/2016\/02\/Periodontitis-2.jpg\" alt=\"Periodontitis-2\" width=\"361\" height=\"139\" srcset=\"http:\/\/www.pamplonaortodoncia.com\/wp-content\/uploads\/2016\/02\/Periodontitis-2.jpg 402w, http:\/\/www.pamplonaortodoncia.com\/wp-content\/uploads\/2016\/02\/Periodontitis-2-200x77.jpg 200w, http:\/\/www.pamplonaortodoncia.com\/wp-content\/uploads\/2016\/02\/Periodontitis-2-350x135.jpg 350w, http:\/\/www.pamplonaortodoncia.com\/wp-content\/uploads\/2016\/02\/Periodontitis-2-100x39.jpg 100w, http:\/\/www.pamplonaortodoncia.com\/wp-content\/uploads\/2016\/02\/Periodontitis-2-280x108.jpg 280w\" sizes=\"(max-width: 361px) 100vw, 361px\" \/><\/a><\/p>\n<p>La enfermedad periodontal conocida vulgarmente como \u201cpiorrea\u201d provoca la p\u00e9rdida de hueso alrededor de los dientes. Sin el tratamiento adecuado los dientes comienzan a moverse y se pierden, pero actualmente el tratamiento de la periodontitis es altamente eficaz, facilitando el manteniendo de los dientes durante toda la vida en la mayor parte de los casos.<\/p>\n<h4><strong><span style=\"color: #99ccff\">Cada embarazo un diente<\/span><\/strong><\/h4>\n<p><a href=\"http:\/\/www.pamplonaortodoncia.com\/wp-content\/uploads\/2016\/02\/embarazo.jpg\"><img loading=\"lazy\" decoding=\"async\" class=\" wp-image-2305 alignleft\" src=\"http:\/\/www.pamplonaortodoncia.com\/wp-content\/uploads\/2016\/02\/embarazo.jpg\" alt=\"embarazo\" width=\"216\" height=\"158\" srcset=\"http:\/\/www.pamplonaortodoncia.com\/wp-content\/uploads\/2016\/02\/embarazo.jpg 683w, http:\/\/www.pamplonaortodoncia.com\/wp-content\/uploads\/2016\/02\/embarazo-200x146.jpg 200w, http:\/\/www.pamplonaortodoncia.com\/wp-content\/uploads\/2016\/02\/embarazo-350x255.jpg 350w, http:\/\/www.pamplonaortodoncia.com\/wp-content\/uploads\/2016\/02\/embarazo-100x73.jpg 100w, http:\/\/www.pamplonaortodoncia.com\/wp-content\/uploads\/2016\/02\/embarazo-204x149.jpg 204w\" sizes=\"(max-width: 216px) 100vw, 216px\" \/><\/a>La sabidur\u00eda popular advierte que cada embarazo cuesta un diente. Pero si la mujer embarazada toma sencillas precauciones para su cuidado dental, esto no deber\u00eda suceder. En realidad, la p\u00e9rdida de dientes que se ha achacado al embarazo se deb\u00eda a la presencia de caries que, obviamente estaban ya presentes antes del embarazo. Lo que s\u00ed provoca el embarazo en la boca es una mayor inflamaci\u00f3n de las enc\u00edas, especialmente si las enc\u00edas ya presentan inflamaci\u00f3n antes del embarazo. Es el sangrado de enc\u00edas lo que lleva a la mujer al dentista durante el embarazo, y es entonces cuando se detectan las caries que ya estaban presentes, y lo que, en algunos casos, hace necesario la extracci\u00f3n de los dientes afectados.<\/p>\n<h4><strong><span style=\"color: #99ccff\">Con la edad, es normal que se pierdan dientes<\/span><\/strong><\/h4>\n<p>La p\u00e9rdida dental no es inherente a la edad del paciente, es decir, no por el hecho de ser mayor o envejecer tenemos que estar desdentados. Si se realiza una higiene dental e interdental correcta y se acude al dentista con regularidad, probablemente podremos sonre\u00edr y comer a gusto a\u00fan en edades avanzadas.<\/p>\n<h4><strong><span style=\"color: #99ccff\">No me hago limpiezas porque estropean el esmalte<\/span><\/strong><\/h4>\n<p><a href=\"http:\/\/www.pamplonaortodoncia.com\/wp-content\/uploads\/2016\/02\/limpiezadental.png\"><img loading=\"lazy\" decoding=\"async\" class=\"wp-image-2307 alignleft\" src=\"http:\/\/www.pamplonaortodoncia.com\/wp-content\/uploads\/2016\/02\/limpiezadental.png\" alt=\"limpiezadental\" width=\"180\" height=\"135\" srcset=\"http:\/\/www.pamplonaortodoncia.com\/wp-content\/uploads\/2016\/02\/limpiezadental.png 367w, http:\/\/www.pamplonaortodoncia.com\/wp-content\/uploads\/2016\/02\/limpiezadental-200x150.png 200w, http:\/\/www.pamplonaortodoncia.com\/wp-content\/uploads\/2016\/02\/limpiezadental-350x263.png 350w, http:\/\/www.pamplonaortodoncia.com\/wp-content\/uploads\/2016\/02\/limpiezadental-100x75.png 100w, http:\/\/www.pamplonaortodoncia.com\/wp-content\/uploads\/2016\/02\/limpiezadental-198x149.png 198w\" sizes=\"(max-width: 180px) 100vw, 180px\" \/><\/a>Los m\u00e1s nuevos aparatos s\u00f3nicos y ultras\u00f3nicos producen ondas vibratorias que rompen el c\u00e1lculo dental (\u201csarro\u201d) de la superficie del diente sin afectar en absoluto el esmalte. Una limpieza dental o profilaxis profesional no da\u00f1a el esmalte; al contrario, elimina la placa bacteriana y el c\u00e1lculo adherido a la superficie dental.<\/p>\n<h4><strong><span style=\"color: #99ccff\">No me coloco implantes por miedo al rechazo biol\u00f3gico<\/span><\/strong><\/h4>\n<p>La mayor parte de los implantes dentales actuales est\u00e1n fabricados de titanio quir\u00fargico, <a href=\"http:\/\/www.pamplonaortodoncia.com\/wp-content\/uploads\/2016\/02\/IMPLANTE.jpg\"><img loading=\"lazy\" decoding=\"async\" class=\" wp-image-2310 alignright\" src=\"http:\/\/www.pamplonaortodoncia.com\/wp-content\/uploads\/2016\/02\/IMPLANTE.jpg\" alt=\"IMPLANTE\" width=\"222\" height=\"167\" srcset=\"http:\/\/www.pamplonaortodoncia.com\/wp-content\/uploads\/2016\/02\/IMPLANTE.jpg 259w, http:\/\/www.pamplonaortodoncia.com\/wp-content\/uploads\/2016\/02\/IMPLANTE-200x150.jpg 200w, http:\/\/www.pamplonaortodoncia.com\/wp-content\/uploads\/2016\/02\/IMPLANTE-100x75.jpg 100w, http:\/\/www.pamplonaortodoncia.com\/wp-content\/uploads\/2016\/02\/IMPLANTE-199x149.jpg 199w\" sizes=\"(max-width: 222px) 100vw, 222px\" \/><\/a>material que es absolutamente biocompatible y con capacidad de integrarse en el hueso, siendo muy bien tolerado por los tejidos blandos. El titanio es un metal que no ha demostrado ninguna reacci\u00f3n t\u00f3xica, ni irritativa sobre los tejidos vivos. Hasta la actualidad no se ha identificado rechazo biol\u00f3gico de un paciente hacia un implante; aunque pueden haber fracasos en la oseointegraci\u00f3n (proceso por el cual el implante se fija al hueso), estos suelen ser escasos.<\/p>\n<h4><strong><span style=\"color: #99ccff\">Como mis enc\u00edas no me duelen, no necesito tratamiento<\/span><\/strong><\/h4>\n<p>El hecho de no tener dolor en las enc\u00edas no es signo de salud bucodental. En los estadios iniciales de muchos trastornos periodontales la enfermedad puede pasar desapercibida, sin s\u00edntomas evidentes y cambios m\u00ednimos (por eso se llama a la periodontitis \u2018la enfermedad invisible\u2019). Por ello, es muy importante que el dentista o el periodoncista examine peri\u00f3dicamente sus enc\u00edas para confirmar la salud y prevenir el desarrollo de la enfermedad.<\/p>\n<h5><span style=\"color: #999999\">Fuente:\u00a0http:\/\/www.abc.es\/salud\/noticias\/<\/span><\/h5>\n","protected":false},"excerpt":{"rendered":"<p>El cuidado de la boca, dientes y enc\u00edas est\u00e1 lleno de mitos que complican la salud bucodental. Lo que mejor me va son los palillos de dientes despu\u00e9s de las comidas El uso de palillos o mondadientes, que no est\u00e9n espec\u00edficamente dise\u00f1ados para limpiar la placa entre los dientes, no es aconsejable, ya que con [&hellip;]<\/p>\n","protected":false},"author":3,"featured_media":0,"comment_status":"closed","ping_status":"open","sticky":false,"template":"","format":"standard","meta":{"_monsterinsights_skip_tracking":false,"_monsterinsights_sitenote_active":false,"_monsterinsights_sitenote_note":"","_monsterinsights_sitenote_category":0,"ngg_post_thumbnail":0,"footnotes":""},"categories":[5],"tags":[39,30],"class_list":["post-2278","post","type-post","status-publish","format-standard","hentry","category-blog","tag-mitos","tag-salud-dental"],"_links":{"self":[{"href":"http:\/\/www.pamplonaortodoncia.com\/index.php?rest_route=\/wp\/v2\/posts\/2278","targetHints":{"allow":["GET"]}}],"collection":[{"href":"http:\/\/www.pamplonaortodoncia.com\/index.php?rest_route=\/wp\/v2\/posts"}],"about":[{"href":"http:\/\/www.pamplonaortodoncia.com\/index.php?rest_route=\/wp\/v2\/types\/post"}],"author":[{"embeddable":true,"href":"http:\/\/www.pamplonaortodoncia.com\/index.php?rest_route=\/wp\/v2\/users\/3"}],"replies":[{"embeddable":true,"href":"http:\/\/www.pamplonaortodoncia.com\/index.php?rest_route=%2Fwp%2Fv2%2Fcomments&post=2278"}],"version-history":[{"count":0,"href":"http:\/\/www.pamplonaortodoncia.com\/index.php?rest_route=\/wp\/v2\/posts\/2278\/revisions"}],"wp:attachment":[{"href":"http:\/\/www.pamplonaortodoncia.com\/index.php?rest_route=%2Fwp%2Fv2%2Fmedia&parent=2278"}],"wp:term":[{"taxonomy":"category","embeddable":true,"href":"http:\/\/www.pamplonaortodoncia.com\/index.php?rest_route=%2Fwp%2Fv2%2Fcategories&post=2278"},{"taxonomy":"post_tag","embeddable":true,"href":"http:\/\/www.pamplonaortodoncia.com\/index.php?rest_route=%2Fwp%2Fv2%2Ftags&post=2278"}],"curies":[{"name":"wp","href":"https:\/\/api.w.org\/{rel}","templated":true}]}}