{"id":2393,"date":"2016-03-31T15:37:56","date_gmt":"2016-03-31T15:37:56","guid":{"rendered":"http:\/\/www.pamplonaortodoncia.com\/?p=2393"},"modified":"2016-03-31T15:37:56","modified_gmt":"2016-03-31T15:37:56","slug":"paciente-clase-ii-molar-con-caninos-incluidos","status":"publish","type":"post","link":"http:\/\/www.pamplonaortodoncia.com\/?p=2393","title":{"rendered":"Paciente clase II molar con caninos incluidos"},"content":{"rendered":"<p>Paciente 7 a\u00f1os en dentici\u00f3n mixta. Los padres consultan por mordida cruzada anterior, as\u00ed que decidimos hacer un tratamiento en dos fases; la primera interceptiva con una mentonera y la segunda con brackets SMARTCLIP 022 autoligados durante 22 meses.<\/p>\n<p>Actualmente el paciente a finalizado el tratamiento con brackets y lleva una contenci\u00f3n fija de 3-3 inferior y f\u00e9rula\u00a0ESSIX superior e inferior.<\/p>\n<p>&nbsp;<\/p>\n<p><!-- index.php -->\n<div\n\tclass=\"ngg-galleryoverview\n\t ngg-ajax-pagination-none\t\"\n\tid=\"ngg-gallery-09bdf760ed519666eb878c7d3d0f390c-1\">\n\n\t\t\t<!-- Thumbnails -->\n\t\t\t\t<div id=\"ngg-image-0\" class=\"ngg-gallery-thumbnail-box\"\n\t\t\t\t\t\t\t\t\t\t\t>\n\t\t\t\t\t\t<div class=\"ngg-gallery-thumbnail\">\n\t\t\t<a href=\"http:\/\/www.pamplonaortodoncia.com\/wp-content\/gallery\/pablo-fernandez\/sonrisa-solo.jpg\"\n\t\t\t\ttitle=\"\"\n\t\t\t\tdata-src=\"http:\/\/www.pamplonaortodoncia.com\/wp-content\/gallery\/pablo-fernandez\/sonrisa-solo.jpg\"\n\t\t\t\tdata-thumbnail=\"http:\/\/www.pamplonaortodoncia.com\/wp-content\/gallery\/pablo-fernandez\/thumbs\/thumbs_sonrisa-solo.jpg\"\n\t\t\t\tdata-image-id=\"536\"\n\t\t\t\tdata-title=\"sonrisa solo\"\n\t\t\t\tdata-description=\"\"\n\t\t\t\tdata-image-slug=\"sonrisa-solo\"\n\t\t\t\t\t\t\t\t\t\t\t\t\t\t\t\t\t\t\t\tclass=\"shutterset_09bdf760ed519666eb878c7d3d0f390c\">\n\t\t\t\t\t\t\t\t<img\n\t\t\t\t\ttitle=\"sonrisa solo\"\n\t\t\t\t\talt=\"sonrisa solo\"\n\t\t\t\t\tsrc=\"http:\/\/www.pamplonaortodoncia.com\/wp-content\/gallery\/pablo-fernandez\/thumbs\/thumbs_sonrisa-solo.jpg\"\n\t\t\t\t\twidth=\"200\"\n\t\t\t\t\theight=\"122\"\n\t\t\t\t\tstyle=\"max-width:100%;\"\n\t\t\t\t\/>\n\t\t\t<\/a>\n\t\t<\/div>\n\t\t\t\t\t\t\t<\/div>\n\t\t\t\n\t\t\t\t\t\t\t\n\t\t\t\t<div id=\"ngg-image-1\" class=\"ngg-gallery-thumbnail-box\"\n\t\t\t\t\t\t\t\t\t\t\t>\n\t\t\t\t\t\t<div class=\"ngg-gallery-thumbnail\">\n\t\t\t<a href=\"http:\/\/www.pamplonaortodoncia.com\/wp-content\/gallery\/pablo-fernandez\/SOLO-SONRISA.jpg\"\n\t\t\t\ttitle=\"\"\n\t\t\t\tdata-src=\"http:\/\/www.pamplonaortodoncia.com\/wp-content\/gallery\/pablo-fernandez\/SOLO-SONRISA.jpg\"\n\t\t\t\tdata-thumbnail=\"http:\/\/www.pamplonaortodoncia.com\/wp-content\/gallery\/pablo-fernandez\/thumbs\/thumbs_SOLO-SONRISA.jpg\"\n\t\t\t\tdata-image-id=\"553\"\n\t\t\t\tdata-title=\"SOLO SONRISA\"\n\t\t\t\tdata-description=\"\"\n\t\t\t\tdata-image-slug=\"solo-sonrisa\"\n\t\t\t\t\t\t\t\t\t\t\t\t\t\t\t\t\t\t\t\tclass=\"shutterset_09bdf760ed519666eb878c7d3d0f390c\">\n\t\t\t\t\t\t\t\t<img\n\t\t\t\t\ttitle=\"SOLO SONRISA\"\n\t\t\t\t\talt=\"SOLO SONRISA\"\n\t\t\t\t\tsrc=\"http:\/\/www.pamplonaortodoncia.com\/wp-content\/gallery\/pablo-fernandez\/thumbs\/thumbs_SOLO-SONRISA.jpg\"\n\t\t\t\t\twidth=\"200\"\n\t\t\t\t\theight=\"94\"\n\t\t\t\t\tstyle=\"max-width:100%;\"\n\t\t\t\t\/>\n\t\t\t<\/a>\n\t\t<\/div>\n\t\t\t\t\t\t\t<\/div>\n\t\t\t\n\t\t\t\t\t\t\t\t\t<br style=\"clear: both\" \/>\n\t\t\t\t\t\n\t\t\t\t<div id=\"ngg-image-2\" class=\"ngg-gallery-thumbnail-box\"\n\t\t\t\t\t\t\t\t\t\t\t>\n\t\t\t\t\t\t<div class=\"ngg-gallery-thumbnail\">\n\t\t\t<a href=\"http:\/\/www.pamplonaortodoncia.com\/wp-content\/gallery\/pablo-fernandez\/01-03-034-Frontal-Smiling-18062008.jpg\"\n\t\t\t\ttitle=\"\"\n\t\t\t\tdata-src=\"http:\/\/www.pamplonaortodoncia.com\/wp-content\/gallery\/pablo-fernandez\/01-03-034-Frontal-Smiling-18062008.jpg\"\n\t\t\t\tdata-thumbnail=\"http:\/\/www.pamplonaortodoncia.com\/wp-content\/gallery\/pablo-fernandez\/thumbs\/thumbs_01-03-034-Frontal-Smiling-18062008.jpg\"\n\t\t\t\tdata-image-id=\"539\"\n\t\t\t\tdata-title=\"01-03--034-Frontal Smiling-18062008\"\n\t\t\t\tdata-description=\"\"\n\t\t\t\tdata-image-slug=\"01-03-034-frontal-smiling-18062008\"\n\t\t\t\t\t\t\t\t\t\t\t\t\t\t\t\t\t\t\t\tclass=\"shutterset_09bdf760ed519666eb878c7d3d0f390c\">\n\t\t\t\t\t\t\t\t<img\n\t\t\t\t\ttitle=\"01-03--034-Frontal Smiling-18062008\"\n\t\t\t\t\talt=\"01-03--034-Frontal Smiling-18062008\"\n\t\t\t\t\tsrc=\"http:\/\/www.pamplonaortodoncia.com\/wp-content\/gallery\/pablo-fernandez\/thumbs\/thumbs_01-03-034-Frontal-Smiling-18062008.jpg\"\n\t\t\t\t\twidth=\"200\"\n\t\t\t\t\theight=\"150\"\n\t\t\t\t\tstyle=\"max-width:100%;\"\n\t\t\t\t\/>\n\t\t\t<\/a>\n\t\t<\/div>\n\t\t\t\t\t\t\t<\/div>\n\t\t\t\n\t\t\t\t\t\t\t\n\t\t\t\t<div id=\"ngg-image-3\" class=\"ngg-gallery-thumbnail-box\"\n\t\t\t\t\t\t\t\t\t\t\t>\n\t\t\t\t\t\t<div class=\"ngg-gallery-thumbnail\">\n\t\t\t<a href=\"http:\/\/www.pamplonaortodoncia.com\/wp-content\/gallery\/pablo-fernandez\/14-03-034-Frontal-Smiling-02072015-1.jpg\"\n\t\t\t\ttitle=\"\"\n\t\t\t\tdata-src=\"http:\/\/www.pamplonaortodoncia.com\/wp-content\/gallery\/pablo-fernandez\/14-03-034-Frontal-Smiling-02072015-1.jpg\"\n\t\t\t\tdata-thumbnail=\"http:\/\/www.pamplonaortodoncia.com\/wp-content\/gallery\/pablo-fernandez\/thumbs\/thumbs_14-03-034-Frontal-Smiling-02072015-1.jpg\"\n\t\t\t\tdata-image-id=\"554\"\n\t\t\t\tdata-title=\"14-03--034-Frontal Smiling-02072015\"\n\t\t\t\tdata-description=\"\"\n\t\t\t\tdata-image-slug=\"14-03-034-frontal-smiling-02072015-1\"\n\t\t\t\t\t\t\t\t\t\t\t\t\t\t\t\t\t\t\t\tclass=\"shutterset_09bdf760ed519666eb878c7d3d0f390c\">\n\t\t\t\t\t\t\t\t<img\n\t\t\t\t\ttitle=\"14-03--034-Frontal Smiling-02072015\"\n\t\t\t\t\talt=\"14-03--034-Frontal Smiling-02072015\"\n\t\t\t\t\tsrc=\"http:\/\/www.pamplonaortodoncia.com\/wp-content\/gallery\/pablo-fernandez\/thumbs\/thumbs_14-03-034-Frontal-Smiling-02072015-1.jpg\"\n\t\t\t\t\twidth=\"200\"\n\t\t\t\t\theight=\"150\"\n\t\t\t\t\tstyle=\"max-width:100%;\"\n\t\t\t\t\/>\n\t\t\t<\/a>\n\t\t<\/div>\n\t\t\t\t\t\t\t<\/div>\n\t\t\t\n\t\t\t\t\t\t\t\t\t<br style=\"clear: both\" \/>\n\t\t\t\t\t\n\t\t\t\t<div id=\"ngg-image-4\" class=\"ngg-gallery-thumbnail-box\"\n\t\t\t\t\t\t\t\t\t\t\t>\n\t\t\t\t\t\t<div class=\"ngg-gallery-thumbnail\">\n\t\t\t<a href=\"http:\/\/www.pamplonaortodoncia.com\/wp-content\/gallery\/pablo-fernandez\/01-04-073-Anterior-Bite-18062008.jpg\"\n\t\t\t\ttitle=\"\"\n\t\t\t\tdata-src=\"http:\/\/www.pamplonaortodoncia.com\/wp-content\/gallery\/pablo-fernandez\/01-04-073-Anterior-Bite-18062008.jpg\"\n\t\t\t\tdata-thumbnail=\"http:\/\/www.pamplonaortodoncia.com\/wp-content\/gallery\/pablo-fernandez\/thumbs\/thumbs_01-04-073-Anterior-Bite-18062008.jpg\"\n\t\t\t\tdata-image-id=\"540\"\n\t\t\t\tdata-title=\"01-04--073-Anterior Bite-18062008\"\n\t\t\t\tdata-description=\"\"\n\t\t\t\tdata-image-slug=\"01-04-073-anterior-bite-18062008\"\n\t\t\t\t\t\t\t\t\t\t\t\t\t\t\t\t\t\t\t\tclass=\"shutterset_09bdf760ed519666eb878c7d3d0f390c\">\n\t\t\t\t\t\t\t\t<img\n\t\t\t\t\ttitle=\"01-04--073-Anterior Bite-18062008\"\n\t\t\t\t\talt=\"01-04--073-Anterior Bite-18062008\"\n\t\t\t\t\tsrc=\"http:\/\/www.pamplonaortodoncia.com\/wp-content\/gallery\/pablo-fernandez\/thumbs\/thumbs_01-04-073-Anterior-Bite-18062008.jpg\"\n\t\t\t\t\twidth=\"200\"\n\t\t\t\t\theight=\"150\"\n\t\t\t\t\tstyle=\"max-width:100%;\"\n\t\t\t\t\/>\n\t\t\t<\/a>\n\t\t<\/div>\n\t\t\t\t\t\t\t<\/div>\n\t\t\t\n\t\t\t\t\t\t\t\n\t\t\t\t<div id=\"ngg-image-5\" class=\"ngg-gallery-thumbnail-box\"\n\t\t\t\t\t\t\t\t\t\t\t>\n\t\t\t\t\t\t<div class=\"ngg-gallery-thumbnail\">\n\t\t\t<a href=\"http:\/\/www.pamplonaortodoncia.com\/wp-content\/gallery\/pablo-fernandez\/15-02-073-Anterior-Bite-25082015.jpg\"\n\t\t\t\ttitle=\"\"\n\t\t\t\tdata-src=\"http:\/\/www.pamplonaortodoncia.com\/wp-content\/gallery\/pablo-fernandez\/15-02-073-Anterior-Bite-25082015.jpg\"\n\t\t\t\tdata-thumbnail=\"http:\/\/www.pamplonaortodoncia.com\/wp-content\/gallery\/pablo-fernandez\/thumbs\/thumbs_15-02-073-Anterior-Bite-25082015.jpg\"\n\t\t\t\tdata-image-id=\"551\"\n\t\t\t\tdata-title=\"15-02--073-Anterior Bite-25082015\"\n\t\t\t\tdata-description=\"\"\n\t\t\t\tdata-image-slug=\"15-02-073-anterior-bite-25082015\"\n\t\t\t\t\t\t\t\t\t\t\t\t\t\t\t\t\t\t\t\tclass=\"shutterset_09bdf760ed519666eb878c7d3d0f390c\">\n\t\t\t\t\t\t\t\t<img\n\t\t\t\t\ttitle=\"15-02--073-Anterior Bite-25082015\"\n\t\t\t\t\talt=\"15-02--073-Anterior Bite-25082015\"\n\t\t\t\t\tsrc=\"http:\/\/www.pamplonaortodoncia.com\/wp-content\/gallery\/pablo-fernandez\/thumbs\/thumbs_15-02-073-Anterior-Bite-25082015.jpg\"\n\t\t\t\t\twidth=\"200\"\n\t\t\t\t\theight=\"150\"\n\t\t\t\t\tstyle=\"max-width:100%;\"\n\t\t\t\t\/>\n\t\t\t<\/a>\n\t\t<\/div>\n\t\t\t\t\t\t\t<\/div>\n\t\t\t\n\t\t\t\t\t\t\t\t\t<br style=\"clear: both\" \/>\n\t\t\t\t\t\n\t\t\t\t<div id=\"ngg-image-6\" class=\"ngg-gallery-thumbnail-box\"\n\t\t\t\t\t\t\t\t\t\t\t>\n\t\t\t\t\t\t<div class=\"ngg-gallery-thumbnail\">\n\t\t\t<a href=\"http:\/\/www.pamplonaortodoncia.com\/wp-content\/gallery\/pablo-fernandez\/01-05-075-Right-Bite-18062008.jpg\"\n\t\t\t\ttitle=\"\"\n\t\t\t\tdata-src=\"http:\/\/www.pamplonaortodoncia.com\/wp-content\/gallery\/pablo-fernandez\/01-05-075-Right-Bite-18062008.jpg\"\n\t\t\t\tdata-thumbnail=\"http:\/\/www.pamplonaortodoncia.com\/wp-content\/gallery\/pablo-fernandez\/thumbs\/thumbs_01-05-075-Right-Bite-18062008.jpg\"\n\t\t\t\tdata-image-id=\"541\"\n\t\t\t\tdata-title=\"01-05--075-Right Bite-18062008\"\n\t\t\t\tdata-description=\"\"\n\t\t\t\tdata-image-slug=\"01-05-075-right-bite-18062008\"\n\t\t\t\t\t\t\t\t\t\t\t\t\t\t\t\t\t\t\t\tclass=\"shutterset_09bdf760ed519666eb878c7d3d0f390c\">\n\t\t\t\t\t\t\t\t<img\n\t\t\t\t\ttitle=\"01-05--075-Right Bite-18062008\"\n\t\t\t\t\talt=\"01-05--075-Right Bite-18062008\"\n\t\t\t\t\tsrc=\"http:\/\/www.pamplonaortodoncia.com\/wp-content\/gallery\/pablo-fernandez\/thumbs\/thumbs_01-05-075-Right-Bite-18062008.jpg\"\n\t\t\t\t\twidth=\"200\"\n\t\t\t\t\theight=\"150\"\n\t\t\t\t\tstyle=\"max-width:100%;\"\n\t\t\t\t\/>\n\t\t\t<\/a>\n\t\t<\/div>\n\t\t\t\t\t\t\t<\/div>\n\t\t\t\n\t\t\t\t\t\t\t\n\t\t\t\t<div id=\"ngg-image-7\" class=\"ngg-gallery-thumbnail-box\"\n\t\t\t\t\t\t\t\t\t\t\t>\n\t\t\t\t\t\t<div class=\"ngg-gallery-thumbnail\">\n\t\t\t<a href=\"http:\/\/www.pamplonaortodoncia.com\/wp-content\/gallery\/pablo-fernandez\/15-01-075-Right-Bite-25082015.jpg\"\n\t\t\t\ttitle=\"\"\n\t\t\t\tdata-src=\"http:\/\/www.pamplonaortodoncia.com\/wp-content\/gallery\/pablo-fernandez\/15-01-075-Right-Bite-25082015.jpg\"\n\t\t\t\tdata-thumbnail=\"http:\/\/www.pamplonaortodoncia.com\/wp-content\/gallery\/pablo-fernandez\/thumbs\/thumbs_15-01-075-Right-Bite-25082015.jpg\"\n\t\t\t\tdata-image-id=\"550\"\n\t\t\t\tdata-title=\"15-01--075-Right Bite-25082015\"\n\t\t\t\tdata-description=\"\"\n\t\t\t\tdata-image-slug=\"15-01-075-right-bite-25082015\"\n\t\t\t\t\t\t\t\t\t\t\t\t\t\t\t\t\t\t\t\tclass=\"shutterset_09bdf760ed519666eb878c7d3d0f390c\">\n\t\t\t\t\t\t\t\t<img\n\t\t\t\t\ttitle=\"15-01--075-Right Bite-25082015\"\n\t\t\t\t\talt=\"15-01--075-Right Bite-25082015\"\n\t\t\t\t\tsrc=\"http:\/\/www.pamplonaortodoncia.com\/wp-content\/gallery\/pablo-fernandez\/thumbs\/thumbs_15-01-075-Right-Bite-25082015.jpg\"\n\t\t\t\t\twidth=\"200\"\n\t\t\t\t\theight=\"150\"\n\t\t\t\t\tstyle=\"max-width:100%;\"\n\t\t\t\t\/>\n\t\t\t<\/a>\n\t\t<\/div>\n\t\t\t\t\t\t\t<\/div>\n\t\t\t\n\t\t\t\t\t\t\t\t\t<br style=\"clear: both\" \/>\n\t\t\t\t\t\n\t\t\t\t<div id=\"ngg-image-8\" class=\"ngg-gallery-thumbnail-box\"\n\t\t\t\t\t\t\t\t\t\t\t>\n\t\t\t\t\t\t<div class=\"ngg-gallery-thumbnail\">\n\t\t\t<a href=\"http:\/\/www.pamplonaortodoncia.com\/wp-content\/gallery\/pablo-fernandez\/01-06-074-Left-Bite-18062008.jpg\"\n\t\t\t\ttitle=\"\"\n\t\t\t\tdata-src=\"http:\/\/www.pamplonaortodoncia.com\/wp-content\/gallery\/pablo-fernandez\/01-06-074-Left-Bite-18062008.jpg\"\n\t\t\t\tdata-thumbnail=\"http:\/\/www.pamplonaortodoncia.com\/wp-content\/gallery\/pablo-fernandez\/thumbs\/thumbs_01-06-074-Left-Bite-18062008.jpg\"\n\t\t\t\tdata-image-id=\"542\"\n\t\t\t\tdata-title=\"01-06--074-Left Bite-18062008\"\n\t\t\t\tdata-description=\"\"\n\t\t\t\tdata-image-slug=\"01-06-074-left-bite-18062008\"\n\t\t\t\t\t\t\t\t\t\t\t\t\t\t\t\t\t\t\t\tclass=\"shutterset_09bdf760ed519666eb878c7d3d0f390c\">\n\t\t\t\t\t\t\t\t<img\n\t\t\t\t\ttitle=\"01-06--074-Left Bite-18062008\"\n\t\t\t\t\talt=\"01-06--074-Left Bite-18062008\"\n\t\t\t\t\tsrc=\"http:\/\/www.pamplonaortodoncia.com\/wp-content\/gallery\/pablo-fernandez\/thumbs\/thumbs_01-06-074-Left-Bite-18062008.jpg\"\n\t\t\t\t\twidth=\"200\"\n\t\t\t\t\theight=\"150\"\n\t\t\t\t\tstyle=\"max-width:100%;\"\n\t\t\t\t\/>\n\t\t\t<\/a>\n\t\t<\/div>\n\t\t\t\t\t\t\t<\/div>\n\t\t\t\n\t\t\t\t\t\t\t\n\t\t\t\t<div id=\"ngg-image-9\" class=\"ngg-gallery-thumbnail-box\"\n\t\t\t\t\t\t\t\t\t\t\t>\n\t\t\t\t\t\t<div class=\"ngg-gallery-thumbnail\">\n\t\t\t<a href=\"http:\/\/www.pamplonaortodoncia.com\/wp-content\/gallery\/pablo-fernandez\/15-03-074-Left-Bite-25082015.jpg\"\n\t\t\t\ttitle=\"\"\n\t\t\t\tdata-src=\"http:\/\/www.pamplonaortodoncia.com\/wp-content\/gallery\/pablo-fernandez\/15-03-074-Left-Bite-25082015.jpg\"\n\t\t\t\tdata-thumbnail=\"http:\/\/www.pamplonaortodoncia.com\/wp-content\/gallery\/pablo-fernandez\/thumbs\/thumbs_15-03-074-Left-Bite-25082015.jpg\"\n\t\t\t\tdata-image-id=\"552\"\n\t\t\t\tdata-title=\"15-03--074-Left Bite-25082015\"\n\t\t\t\tdata-description=\"\"\n\t\t\t\tdata-image-slug=\"15-03-074-left-bite-25082015\"\n\t\t\t\t\t\t\t\t\t\t\t\t\t\t\t\t\t\t\t\tclass=\"shutterset_09bdf760ed519666eb878c7d3d0f390c\">\n\t\t\t\t\t\t\t\t<img\n\t\t\t\t\ttitle=\"15-03--074-Left Bite-25082015\"\n\t\t\t\t\talt=\"15-03--074-Left Bite-25082015\"\n\t\t\t\t\tsrc=\"http:\/\/www.pamplonaortodoncia.com\/wp-content\/gallery\/pablo-fernandez\/thumbs\/thumbs_15-03-074-Left-Bite-25082015.jpg\"\n\t\t\t\t\twidth=\"200\"\n\t\t\t\t\theight=\"150\"\n\t\t\t\t\tstyle=\"max-width:100%;\"\n\t\t\t\t\/>\n\t\t\t<\/a>\n\t\t<\/div>\n\t\t\t\t\t\t\t<\/div>\n\t\t\t\n\t\t\t\t\t\t\t\t\t<br style=\"clear: both\" \/>\n\t\t\t\t\t\n\t\t\t\t<div id=\"ngg-image-10\" class=\"ngg-gallery-thumbnail-box\"\n\t\t\t\t\t\t\t\t\t\t\t>\n\t\t\t\t\t\t<div class=\"ngg-gallery-thumbnail\">\n\t\t\t<a href=\"http:\/\/www.pamplonaortodoncia.com\/wp-content\/gallery\/pablo-fernandez\/01-07-076-Upper-Occlusal-18062008.jpg\"\n\t\t\t\ttitle=\"\"\n\t\t\t\tdata-src=\"http:\/\/www.pamplonaortodoncia.com\/wp-content\/gallery\/pablo-fernandez\/01-07-076-Upper-Occlusal-18062008.jpg\"\n\t\t\t\tdata-thumbnail=\"http:\/\/www.pamplonaortodoncia.com\/wp-content\/gallery\/pablo-fernandez\/thumbs\/thumbs_01-07-076-Upper-Occlusal-18062008.jpg\"\n\t\t\t\tdata-image-id=\"543\"\n\t\t\t\tdata-title=\"01-07--076-Upper Occlusal-18062008\"\n\t\t\t\tdata-description=\"\"\n\t\t\t\tdata-image-slug=\"01-07-076-upper-occlusal-18062008\"\n\t\t\t\t\t\t\t\t\t\t\t\t\t\t\t\t\t\t\t\tclass=\"shutterset_09bdf760ed519666eb878c7d3d0f390c\">\n\t\t\t\t\t\t\t\t<img\n\t\t\t\t\ttitle=\"01-07--076-Upper Occlusal-18062008\"\n\t\t\t\t\talt=\"01-07--076-Upper Occlusal-18062008\"\n\t\t\t\t\tsrc=\"http:\/\/www.pamplonaortodoncia.com\/wp-content\/gallery\/pablo-fernandez\/thumbs\/thumbs_01-07-076-Upper-Occlusal-18062008.jpg\"\n\t\t\t\t\twidth=\"200\"\n\t\t\t\t\theight=\"150\"\n\t\t\t\t\tstyle=\"max-width:100%;\"\n\t\t\t\t\/>\n\t\t\t<\/a>\n\t\t<\/div>\n\t\t\t\t\t\t\t<\/div>\n\t\t\t\n\t\t\t\t\t\t\t\n\t\t\t\t<div id=\"ngg-image-11\" class=\"ngg-gallery-thumbnail-box\"\n\t\t\t\t\t\t\t\t\t\t\t>\n\t\t\t\t\t\t<div class=\"ngg-gallery-thumbnail\">\n\t\t\t<a href=\"http:\/\/www.pamplonaortodoncia.com\/wp-content\/gallery\/pablo-fernandez\/14-07-076-Upper-Occlusal-02072015.jpg\"\n\t\t\t\ttitle=\"\"\n\t\t\t\tdata-src=\"http:\/\/www.pamplonaortodoncia.com\/wp-content\/gallery\/pablo-fernandez\/14-07-076-Upper-Occlusal-02072015.jpg\"\n\t\t\t\tdata-thumbnail=\"http:\/\/www.pamplonaortodoncia.com\/wp-content\/gallery\/pablo-fernandez\/thumbs\/thumbs_14-07-076-Upper-Occlusal-02072015.jpg\"\n\t\t\t\tdata-image-id=\"548\"\n\t\t\t\tdata-title=\"14-07--076-Upper Occlusal-02072015\"\n\t\t\t\tdata-description=\"\"\n\t\t\t\tdata-image-slug=\"14-07-076-upper-occlusal-02072015\"\n\t\t\t\t\t\t\t\t\t\t\t\t\t\t\t\t\t\t\t\tclass=\"shutterset_09bdf760ed519666eb878c7d3d0f390c\">\n\t\t\t\t\t\t\t\t<img\n\t\t\t\t\ttitle=\"14-07--076-Upper Occlusal-02072015\"\n\t\t\t\t\talt=\"14-07--076-Upper Occlusal-02072015\"\n\t\t\t\t\tsrc=\"http:\/\/www.pamplonaortodoncia.com\/wp-content\/gallery\/pablo-fernandez\/thumbs\/thumbs_14-07-076-Upper-Occlusal-02072015.jpg\"\n\t\t\t\t\twidth=\"200\"\n\t\t\t\t\theight=\"150\"\n\t\t\t\t\tstyle=\"max-width:100%;\"\n\t\t\t\t\/>\n\t\t\t<\/a>\n\t\t<\/div>\n\t\t\t\t\t\t\t<\/div>\n\t\t\t\n\t\t\t\t\t\t\t\t\t<br style=\"clear: both\" \/>\n\t\t\t\t\t\n\t\t\t\t<div id=\"ngg-image-12\" class=\"ngg-gallery-thumbnail-box\"\n\t\t\t\t\t\t\t\t\t\t\t>\n\t\t\t\t\t\t<div class=\"ngg-gallery-thumbnail\">\n\t\t\t<a href=\"http:\/\/www.pamplonaortodoncia.com\/wp-content\/gallery\/pablo-fernandez\/01-08-077-Lower-Occlusal-18062008.jpg\"\n\t\t\t\ttitle=\"\"\n\t\t\t\tdata-src=\"http:\/\/www.pamplonaortodoncia.com\/wp-content\/gallery\/pablo-fernandez\/01-08-077-Lower-Occlusal-18062008.jpg\"\n\t\t\t\tdata-thumbnail=\"http:\/\/www.pamplonaortodoncia.com\/wp-content\/gallery\/pablo-fernandez\/thumbs\/thumbs_01-08-077-Lower-Occlusal-18062008.jpg\"\n\t\t\t\tdata-image-id=\"544\"\n\t\t\t\tdata-title=\"01-08--077-Lower Occlusal-18062008\"\n\t\t\t\tdata-description=\"\"\n\t\t\t\tdata-image-slug=\"01-08-077-lower-occlusal-18062008\"\n\t\t\t\t\t\t\t\t\t\t\t\t\t\t\t\t\t\t\t\tclass=\"shutterset_09bdf760ed519666eb878c7d3d0f390c\">\n\t\t\t\t\t\t\t\t<img\n\t\t\t\t\ttitle=\"01-08--077-Lower Occlusal-18062008\"\n\t\t\t\t\talt=\"01-08--077-Lower Occlusal-18062008\"\n\t\t\t\t\tsrc=\"http:\/\/www.pamplonaortodoncia.com\/wp-content\/gallery\/pablo-fernandez\/thumbs\/thumbs_01-08-077-Lower-Occlusal-18062008.jpg\"\n\t\t\t\t\twidth=\"200\"\n\t\t\t\t\theight=\"150\"\n\t\t\t\t\tstyle=\"max-width:100%;\"\n\t\t\t\t\/>\n\t\t\t<\/a>\n\t\t<\/div>\n\t\t\t\t\t\t\t<\/div>\n\t\t\t\n\t\t\t\t\t\t\t\n\t\t\t\t<div id=\"ngg-image-13\" class=\"ngg-gallery-thumbnail-box\"\n\t\t\t\t\t\t\t\t\t\t\t>\n\t\t\t\t\t\t<div class=\"ngg-gallery-thumbnail\">\n\t\t\t<a href=\"http:\/\/www.pamplonaortodoncia.com\/wp-content\/gallery\/pablo-fernandez\/14-08-077-Lower-Occlusal-02072015.jpg\"\n\t\t\t\ttitle=\"\"\n\t\t\t\tdata-src=\"http:\/\/www.pamplonaortodoncia.com\/wp-content\/gallery\/pablo-fernandez\/14-08-077-Lower-Occlusal-02072015.jpg\"\n\t\t\t\tdata-thumbnail=\"http:\/\/www.pamplonaortodoncia.com\/wp-content\/gallery\/pablo-fernandez\/thumbs\/thumbs_14-08-077-Lower-Occlusal-02072015.jpg\"\n\t\t\t\tdata-image-id=\"549\"\n\t\t\t\tdata-title=\"14-08--077-Lower Occlusal-02072015\"\n\t\t\t\tdata-description=\"\"\n\t\t\t\tdata-image-slug=\"14-08-077-lower-occlusal-02072015\"\n\t\t\t\t\t\t\t\t\t\t\t\t\t\t\t\t\t\t\t\tclass=\"shutterset_09bdf760ed519666eb878c7d3d0f390c\">\n\t\t\t\t\t\t\t\t<img\n\t\t\t\t\ttitle=\"14-08--077-Lower Occlusal-02072015\"\n\t\t\t\t\talt=\"14-08--077-Lower Occlusal-02072015\"\n\t\t\t\t\tsrc=\"http:\/\/www.pamplonaortodoncia.com\/wp-content\/gallery\/pablo-fernandez\/thumbs\/thumbs_14-08-077-Lower-Occlusal-02072015.jpg\"\n\t\t\t\t\twidth=\"200\"\n\t\t\t\t\theight=\"150\"\n\t\t\t\t\tstyle=\"max-width:100%;\"\n\t\t\t\t\/>\n\t\t\t<\/a>\n\t\t<\/div>\n\t\t\t\t\t\t\t<\/div>\n\t\t\t\n\t\t\t\t\t\t\t\t\t<br style=\"clear: both\" \/>\n\t\t\t\t\t\n\t\t\t\t<div id=\"ngg-image-14\" class=\"ngg-gallery-thumbnail-box\"\n\t\t\t\t\t\t\t\t\t\t\t>\n\t\t\t\t\t\t<div class=\"ngg-gallery-thumbnail\">\n\t\t\t<a href=\"http:\/\/www.pamplonaortodoncia.com\/wp-content\/gallery\/pablo-fernandez\/14-01-033-Right-Profile-02072015-1.jpg\"\n\t\t\t\ttitle=\"\"\n\t\t\t\tdata-src=\"http:\/\/www.pamplonaortodoncia.com\/wp-content\/gallery\/pablo-fernandez\/14-01-033-Right-Profile-02072015-1.jpg\"\n\t\t\t\tdata-thumbnail=\"http:\/\/www.pamplonaortodoncia.com\/wp-content\/gallery\/pablo-fernandez\/thumbs\/thumbs_14-01-033-Right-Profile-02072015-1.jpg\"\n\t\t\t\tdata-image-id=\"555\"\n\t\t\t\tdata-title=\"14-01--033-Right Profile-02072015\"\n\t\t\t\tdata-description=\"\"\n\t\t\t\tdata-image-slug=\"14-01-033-right-profile-02072015-1\"\n\t\t\t\t\t\t\t\t\t\t\t\t\t\t\t\t\t\t\t\tclass=\"shutterset_09bdf760ed519666eb878c7d3d0f390c\">\n\t\t\t\t\t\t\t\t<img\n\t\t\t\t\ttitle=\"14-01--033-Right Profile-02072015\"\n\t\t\t\t\talt=\"14-01--033-Right Profile-02072015\"\n\t\t\t\t\tsrc=\"http:\/\/www.pamplonaortodoncia.com\/wp-content\/gallery\/pablo-fernandez\/thumbs\/thumbs_14-01-033-Right-Profile-02072015-1.jpg\"\n\t\t\t\t\twidth=\"200\"\n\t\t\t\t\theight=\"150\"\n\t\t\t\t\tstyle=\"max-width:100%;\"\n\t\t\t\t\/>\n\t\t\t<\/a>\n\t\t<\/div>\n\t\t\t\t\t\t\t<\/div>\n\t\t\t\n\t\t\t\t\t\t\t\n\t\t\t\t<div id=\"ngg-image-15\" class=\"ngg-gallery-thumbnail-box\"\n\t\t\t\t\t\t\t\t\t\t\t>\n\t\t\t\t\t\t<div class=\"ngg-gallery-thumbnail\">\n\t\t\t<a href=\"http:\/\/www.pamplonaortodoncia.com\/wp-content\/gallery\/pablo-fernandez\/01-01-033-Right-Profile-18062008-1.jpg\"\n\t\t\t\ttitle=\"\"\n\t\t\t\tdata-src=\"http:\/\/www.pamplonaortodoncia.com\/wp-content\/gallery\/pablo-fernandez\/01-01-033-Right-Profile-18062008-1.jpg\"\n\t\t\t\tdata-thumbnail=\"http:\/\/www.pamplonaortodoncia.com\/wp-content\/gallery\/pablo-fernandez\/thumbs\/thumbs_01-01-033-Right-Profile-18062008-1.jpg\"\n\t\t\t\tdata-image-id=\"557\"\n\t\t\t\tdata-title=\"01-01--033-Right Profile-18062008\"\n\t\t\t\tdata-description=\"\"\n\t\t\t\tdata-image-slug=\"01-01-033-right-profile-18062008-1\"\n\t\t\t\t\t\t\t\t\t\t\t\t\t\t\t\t\t\t\t\tclass=\"shutterset_09bdf760ed519666eb878c7d3d0f390c\">\n\t\t\t\t\t\t\t\t<img\n\t\t\t\t\ttitle=\"01-01--033-Right Profile-18062008\"\n\t\t\t\t\talt=\"01-01--033-Right Profile-18062008\"\n\t\t\t\t\tsrc=\"http:\/\/www.pamplonaortodoncia.com\/wp-content\/gallery\/pablo-fernandez\/thumbs\/thumbs_01-01-033-Right-Profile-18062008-1.jpg\"\n\t\t\t\t\twidth=\"200\"\n\t\t\t\t\theight=\"150\"\n\t\t\t\t\tstyle=\"max-width:100%;\"\n\t\t\t\t\/>\n\t\t\t<\/a>\n\t\t<\/div>\n\t\t\t\t\t\t\t<\/div>\n\t\t\t\n\t\t\t\t\t\t\t\t\t<br style=\"clear: both\" \/>\n\t\t\t\t\t\n\t\t\t\t<div id=\"ngg-image-16\" class=\"ngg-gallery-thumbnail-box\"\n\t\t\t\t\t\t\t\t\t\t\t>\n\t\t\t\t\t\t<div class=\"ngg-gallery-thumbnail\">\n\t\t\t<a href=\"http:\/\/www.pamplonaortodoncia.com\/wp-content\/gallery\/pablo-fernandez\/14-02-031-Frontal-02072015-1.jpg\"\n\t\t\t\ttitle=\"\"\n\t\t\t\tdata-src=\"http:\/\/www.pamplonaortodoncia.com\/wp-content\/gallery\/pablo-fernandez\/14-02-031-Frontal-02072015-1.jpg\"\n\t\t\t\tdata-thumbnail=\"http:\/\/www.pamplonaortodoncia.com\/wp-content\/gallery\/pablo-fernandez\/thumbs\/thumbs_14-02-031-Frontal-02072015-1.jpg\"\n\t\t\t\tdata-image-id=\"556\"\n\t\t\t\tdata-title=\"14-02--031-Frontal-02072015\"\n\t\t\t\tdata-description=\"\"\n\t\t\t\tdata-image-slug=\"14-02-031-frontal-02072015-1\"\n\t\t\t\t\t\t\t\t\t\t\t\t\t\t\t\t\t\t\t\tclass=\"shutterset_09bdf760ed519666eb878c7d3d0f390c\">\n\t\t\t\t\t\t\t\t<img\n\t\t\t\t\ttitle=\"14-02--031-Frontal-02072015\"\n\t\t\t\t\talt=\"14-02--031-Frontal-02072015\"\n\t\t\t\t\tsrc=\"http:\/\/www.pamplonaortodoncia.com\/wp-content\/gallery\/pablo-fernandez\/thumbs\/thumbs_14-02-031-Frontal-02072015-1.jpg\"\n\t\t\t\t\twidth=\"200\"\n\t\t\t\t\theight=\"150\"\n\t\t\t\t\tstyle=\"max-width:100%;\"\n\t\t\t\t\/>\n\t\t\t<\/a>\n\t\t<\/div>\n\t\t\t\t\t\t\t<\/div>\n\t\t\t\n\t\t\t\t\t\t\t\n\t\t\t\t<div id=\"ngg-image-17\" class=\"ngg-gallery-thumbnail-box\"\n\t\t\t\t\t\t\t\t\t\t\t>\n\t\t\t\t\t\t<div class=\"ngg-gallery-thumbnail\">\n\t\t\t<a href=\"http:\/\/www.pamplonaortodoncia.com\/wp-content\/gallery\/pablo-fernandez\/01-02-031-Frontal-18062008.jpg\"\n\t\t\t\ttitle=\"\"\n\t\t\t\tdata-src=\"http:\/\/www.pamplonaortodoncia.com\/wp-content\/gallery\/pablo-fernandez\/01-02-031-Frontal-18062008.jpg\"\n\t\t\t\tdata-thumbnail=\"http:\/\/www.pamplonaortodoncia.com\/wp-content\/gallery\/pablo-fernandez\/thumbs\/thumbs_01-02-031-Frontal-18062008.jpg\"\n\t\t\t\tdata-image-id=\"538\"\n\t\t\t\tdata-title=\"01-02--031-Frontal-18062008\"\n\t\t\t\tdata-description=\"\"\n\t\t\t\tdata-image-slug=\"01-02-031-frontal-18062008\"\n\t\t\t\t\t\t\t\t\t\t\t\t\t\t\t\t\t\t\t\tclass=\"shutterset_09bdf760ed519666eb878c7d3d0f390c\">\n\t\t\t\t\t\t\t\t<img\n\t\t\t\t\ttitle=\"01-02--031-Frontal-18062008\"\n\t\t\t\t\talt=\"01-02--031-Frontal-18062008\"\n\t\t\t\t\tsrc=\"http:\/\/www.pamplonaortodoncia.com\/wp-content\/gallery\/pablo-fernandez\/thumbs\/thumbs_01-02-031-Frontal-18062008.jpg\"\n\t\t\t\t\twidth=\"200\"\n\t\t\t\t\theight=\"150\"\n\t\t\t\t\tstyle=\"max-width:100%;\"\n\t\t\t\t\/>\n\t\t\t<\/a>\n\t\t<\/div>\n\t\t\t\t\t\t\t<\/div>\n\t\t\t\n\t\t\t\t\t\t\t\t\t<br style=\"clear: both\" \/>\n\t\t\t\t\t\n\t\t\n\t\t<!-- Pagination -->\n\t\t<div class='ngg-clear'><\/div>\t<\/div>\n<\/p>\n","protected":false},"excerpt":{"rendered":"<p>Paciente 7 a\u00f1os en dentici\u00f3n mixta. Los padres consultan por mordida cruzada anterior, as\u00ed que decidimos hacer un tratamiento en dos fases; la primera interceptiva con una mentonera y la segunda con brackets SMARTCLIP 022 autoligados durante 22 meses. Actualmente el paciente a finalizado el tratamiento con brackets y lleva una contenci\u00f3n fija de 3-3 [&hellip;]<\/p>\n","protected":false},"author":3,"featured_media":0,"comment_status":"closed","ping_status":"open","sticky":false,"template":"","format":"standard","meta":{"_monsterinsights_skip_tracking":false,"_monsterinsights_sitenote_active":false,"_monsterinsights_sitenote_note":"","_monsterinsights_sitenote_category":0,"ngg_post_thumbnail":0,"footnotes":""},"categories":[6],"tags":[183,133,184],"class_list":["post-2393","post","type-post","status-publish","format-standard","hentry","category-casos_clinicos","tag-canino-incluido","tag-clase-ii","tag-mordida-cruzada"],"_links":{"self":[{"href":"http:\/\/www.pamplonaortodoncia.com\/index.php?rest_route=\/wp\/v2\/posts\/2393","targetHints":{"allow":["GET"]}}],"collection":[{"href":"http:\/\/www.pamplonaortodoncia.com\/index.php?rest_route=\/wp\/v2\/posts"}],"about":[{"href":"http:\/\/www.pamplonaortodoncia.com\/index.php?rest_route=\/wp\/v2\/types\/post"}],"author":[{"embeddable":true,"href":"http:\/\/www.pamplonaortodoncia.com\/index.php?rest_route=\/wp\/v2\/users\/3"}],"replies":[{"embeddable":true,"href":"http:\/\/www.pamplonaortodoncia.com\/index.php?rest_route=%2Fwp%2Fv2%2Fcomments&post=2393"}],"version-history":[{"count":0,"href":"http:\/\/www.pamplonaortodoncia.com\/index.php?rest_route=\/wp\/v2\/posts\/2393\/revisions"}],"wp:attachment":[{"href":"http:\/\/www.pamplonaortodoncia.com\/index.php?rest_route=%2Fwp%2Fv2%2Fmedia&parent=2393"}],"wp:term":[{"taxonomy":"category","embeddable":true,"href":"http:\/\/www.pamplonaortodoncia.com\/index.php?rest_route=%2Fwp%2Fv2%2Fcategories&post=2393"},{"taxonomy":"post_tag","embeddable":true,"href":"http:\/\/www.pamplonaortodoncia.com\/index.php?rest_route=%2Fwp%2Fv2%2Ftags&post=2393"}],"curies":[{"name":"wp","href":"https:\/\/api.w.org\/{rel}","templated":true}]}}