{"id":2506,"date":"2016-06-01T09:39:13","date_gmt":"2016-06-01T09:39:13","guid":{"rendered":"http:\/\/www.pamplonaortodoncia.com\/?p=2506"},"modified":"2016-06-08T09:53:37","modified_gmt":"2016-06-08T09:53:37","slug":"por-que-algunos-cepillos-de-dientes-tienen-una-parte-de-sus-cerdas-de-otro-color","status":"publish","type":"post","link":"http:\/\/www.pamplonaortodoncia.com\/?p=2506","title":{"rendered":"\u00bfPor qu\u00e9 algunos cepillos de dientes tienen una parte de sus cerdas de otro color?"},"content":{"rendered":"<p>\u00bfComprar\u00edas un enjuague bucal de color marr\u00f3n? Probablemente no. Es por eso que las marcas de higiene corporal gastan millones en estudiar y<strong> elegir el color de los productos y sus envases<\/strong>. Ya sab\u00e9is, azul para el frescor, verde para los productos antis\u00e9pticos\u2026<\/p>\n<p>Pero no todas las empresas usan el color para aumentar sus ventas. De hecho, algunas marcas de cepillos de dientes la usan en nuestro favor, es decir, <strong>para que nosotros ahorremos dinero<\/strong>. Lastima que casi nadie lo sepa.<\/p>\n<p><a href=\"http:\/\/www.pamplonaortodoncia.com\/wp-content\/uploads\/2016\/06\/cepillos-dientes2.jpg\"><img fetchpriority=\"high\" decoding=\"async\" class=\"aligncenter size-full wp-image-2508\" src=\"http:\/\/www.pamplonaortodoncia.com\/wp-content\/uploads\/2016\/06\/cepillos-dientes2.jpg\" alt=\"cepillos-dientes2\" width=\"1000\" height=\"664\" srcset=\"http:\/\/www.pamplonaortodoncia.com\/wp-content\/uploads\/2016\/06\/cepillos-dientes2.jpg 1000w, http:\/\/www.pamplonaortodoncia.com\/wp-content\/uploads\/2016\/06\/cepillos-dientes2-200x133.jpg 200w, http:\/\/www.pamplonaortodoncia.com\/wp-content\/uploads\/2016\/06\/cepillos-dientes2-350x232.jpg 350w, http:\/\/www.pamplonaortodoncia.com\/wp-content\/uploads\/2016\/06\/cepillos-dientes2-100x66.jpg 100w, http:\/\/www.pamplonaortodoncia.com\/wp-content\/uploads\/2016\/06\/cepillos-dientes2-224x149.jpg 224w\" sizes=\"(max-width: 1000px) 100vw, 1000px\" \/><\/a><\/p>\n<p>No todos los cepillos de dientes, pero s\u00ed muchos, poseen <strong>en la punta o en la zona central<\/strong> una secci\u00f3n bien diferenciada del resto de cerdas. Esta diferenciaci\u00f3n se consigue por el uso de un color distintivo o por la ausencia de este.<\/p>\n<p>En cualquier caso, podemos diferenciar claramente un espacio en la punta del tama\u00f1o aproximado de un cent\u00edmetro. Pues bien, este espacio <strong>es el medidor de pasta de dientes<\/strong> y utilizarlo puede hacernos ahorrar mucho dinero.<\/p>\n<p><img decoding=\"async\" class=\"aligncenter size-full wp-image-2510\" src=\"http:\/\/www.pamplonaortodoncia.com\/wp-content\/uploads\/2016\/06\/cepillos-dientes1.jpg\" alt=\"cepillos-dientes1\" width=\"1000\" height=\"667\" srcset=\"http:\/\/www.pamplonaortodoncia.com\/wp-content\/uploads\/2016\/06\/cepillos-dientes1.jpg 1000w, http:\/\/www.pamplonaortodoncia.com\/wp-content\/uploads\/2016\/06\/cepillos-dientes1-200x133.jpg 200w, http:\/\/www.pamplonaortodoncia.com\/wp-content\/uploads\/2016\/06\/cepillos-dientes1-350x233.jpg 350w, http:\/\/www.pamplonaortodoncia.com\/wp-content\/uploads\/2016\/06\/cepillos-dientes1-100x67.jpg 100w, http:\/\/www.pamplonaortodoncia.com\/wp-content\/uploads\/2016\/06\/cepillos-dientes1-223x149.jpg 223w\" sizes=\"(max-width: 1000px) 100vw, 1000px\" \/><\/p>\n<p>La mayor\u00eda de anuncios de televisi\u00f3n nos han convencido de que debemos llenar la totalidad del cepillo de pasta de dientes, pero esto es incorrecto e incluso menos eficaz.<\/p>\n<p>Cuando limpiamos la casa, lo importante es el trabajo que realizamos con la fregona y no la cantidad de jab\u00f3n y espuma hay en el cubo. Lo mismo ocurre con el cepillo, la pasta de dientes y la higiene bucal.<\/p>\n<p>\u00bfComprar\u00edas un enjuague bucal de color marr\u00f3n? Probablemente no. Es por eso que las marcas de higiene corporal gastan millones en estudiar y elegir el color de los productos y sus envases. Ya sab\u00e9is, azul para el frescor, verde para los productos antis\u00e9pticos\u2026<\/p>\n<p>Pero no todas las empresas usan el color para aumentar sus ventas. De hecho, algunas marcas de cepillos de dientes la usan en nuestro favor, es decir, para que nosotros ahorremos dinero. Lastima que casi nadie lo sepa.<\/p>\n<p><img decoding=\"async\" class=\"aligncenter size-full wp-image-2513\" src=\"http:\/\/www.pamplonaortodoncia.com\/wp-content\/uploads\/2016\/06\/cepillos-dientes4.png\" alt=\"cepillos-dientes4\" width=\"1014\" height=\"305\" srcset=\"http:\/\/www.pamplonaortodoncia.com\/wp-content\/uploads\/2016\/06\/cepillos-dientes4.png 1014w, http:\/\/www.pamplonaortodoncia.com\/wp-content\/uploads\/2016\/06\/cepillos-dientes4-200x60.png 200w, http:\/\/www.pamplonaortodoncia.com\/wp-content\/uploads\/2016\/06\/cepillos-dientes4-350x105.png 350w, http:\/\/www.pamplonaortodoncia.com\/wp-content\/uploads\/2016\/06\/cepillos-dientes4-100x30.png 100w, http:\/\/www.pamplonaortodoncia.com\/wp-content\/uploads\/2016\/06\/cepillos-dientes4-280x84.png 280w\" sizes=\"(max-width: 1014px) 100vw, 1014px\" \/><br \/>\nNo todos los cepillos de dientes, pero s\u00ed muchos, poseen <strong>en la punta o en la zona central<\/strong> una secci\u00f3n bien diferenciada del resto de cerdas. Esta diferenciaci\u00f3n se consigue por el uso de un color distintivo o por la ausencia de este.<\/p>\n<p>En cualquier caso, podemos diferenciar claramente un espacio en la punta del tama\u00f1o aproximado de un cent\u00edmetro. Pues bien, este espacio <strong>es el medidor de pasta de dientes<\/strong> y utilizarlo puede hacernos ahorrar mucho dinero.<\/p>\n<p>La mayor\u00eda de anuncios de televisi\u00f3n nos han convencido de que debemos llenar la totalidad del cepillo de pasta de dientes, <strong>pero esto es incorrecto e incluso menos eficaz.<\/strong><\/p>\n<p>Cuando limpiamos la casa, lo importante es el trabajo que realizamos con la fregona y no la cantidad de jab\u00f3n y espuma hay en el cubo. Lo mismo ocurre con el cepillo, la pasta de dientes y la higiene bucal.<\/p>\n<p>Tal y como explican los fabricantes,<strong> la medida id\u00f3nea es una peque\u00f1a cantidad del tama\u00f1o de un guisante<\/strong>, una medida que los cepillos indican con la franja de color.<\/p>\n<p>Tras servir la cantidad id\u00f3nea, se debe proceder a realizar un correcto cepillado y completar el ritual de higiene con hilo dental.<\/p>\n<p>La pr\u00f3xima vez que te laves los dientes, haz caso del medidor de pasta de dientes que incluyen los cepillos.<strong> Tu higiene y tu bolsillo te lo agradecer\u00e1n.<\/strong><\/p>\n<h6><span style=\"color: #999999\">Fuente: wikipedia.org, cienciaodontologica.com, Mi Dentista Hoy,\u00a0http:\/\/lavozdelmuro.net\/por-que-algunos-cepillos-de-dientes-tienen-una-parte-de-sus-cerdas-de-otro-color\/#<\/span><\/h6>\n","protected":false},"excerpt":{"rendered":"<p>\u00bfComprar\u00edas un enjuague bucal de color marr\u00f3n? Probablemente no. Es por eso que las marcas de higiene corporal gastan millones en estudiar y elegir el color de los productos y sus envases. Ya sab\u00e9is, azul para el frescor, verde para los productos antis\u00e9pticos\u2026 Pero no todas las empresas usan el color para aumentar sus ventas. [&hellip;]<\/p>\n","protected":false},"author":3,"featured_media":0,"comment_status":"closed","ping_status":"open","sticky":false,"template":"","format":"standard","meta":{"_monsterinsights_skip_tracking":false,"_monsterinsights_sitenote_active":false,"_monsterinsights_sitenote_note":"","_monsterinsights_sitenote_category":0,"ngg_post_thumbnail":0,"footnotes":""},"categories":[5],"tags":[139,196,197,194],"class_list":["post-2506","post","type-post","status-publish","format-standard","hentry","category-blog","tag-cepillo-dientes","tag-medida","tag-medidor","tag-padi"],"_links":{"self":[{"href":"http:\/\/www.pamplonaortodoncia.com\/index.php?rest_route=\/wp\/v2\/posts\/2506","targetHints":{"allow":["GET"]}}],"collection":[{"href":"http:\/\/www.pamplonaortodoncia.com\/index.php?rest_route=\/wp\/v2\/posts"}],"about":[{"href":"http:\/\/www.pamplonaortodoncia.com\/index.php?rest_route=\/wp\/v2\/types\/post"}],"author":[{"embeddable":true,"href":"http:\/\/www.pamplonaortodoncia.com\/index.php?rest_route=\/wp\/v2\/users\/3"}],"replies":[{"embeddable":true,"href":"http:\/\/www.pamplonaortodoncia.com\/index.php?rest_route=%2Fwp%2Fv2%2Fcomments&post=2506"}],"version-history":[{"count":0,"href":"http:\/\/www.pamplonaortodoncia.com\/index.php?rest_route=\/wp\/v2\/posts\/2506\/revisions"}],"wp:attachment":[{"href":"http:\/\/www.pamplonaortodoncia.com\/index.php?rest_route=%2Fwp%2Fv2%2Fmedia&parent=2506"}],"wp:term":[{"taxonomy":"category","embeddable":true,"href":"http:\/\/www.pamplonaortodoncia.com\/index.php?rest_route=%2Fwp%2Fv2%2Fcategories&post=2506"},{"taxonomy":"post_tag","embeddable":true,"href":"http:\/\/www.pamplonaortodoncia.com\/index.php?rest_route=%2Fwp%2Fv2%2Ftags&post=2506"}],"curies":[{"name":"wp","href":"https:\/\/api.w.org\/{rel}","templated":true}]}}