{"id":2530,"date":"2016-07-22T13:26:12","date_gmt":"2016-07-22T13:26:12","guid":{"rendered":"http:\/\/www.pamplonaortodoncia.com\/?p=2530"},"modified":"2016-08-22T14:04:30","modified_gmt":"2016-08-22T14:04:30","slug":"5-raras-curiosidades-sobre-los-dientes","status":"publish","type":"post","link":"http:\/\/www.pamplonaortodoncia.com\/?p=2530","title":{"rendered":"5 RARAS curiosidades sobre los dientes"},"content":{"rendered":"<h3>1.DIENTES PRECIOSOS<\/h3>\n<p><a href=\"http:\/\/www.pamplonaortodoncia.com\/wp-content\/uploads\/2016\/08\/DIAMANTE.jpg\"><img fetchpriority=\"high\" decoding=\"async\" class=\"aligncenter wp-image-2531 size-full\" src=\"http:\/\/www.pamplonaortodoncia.com\/wp-content\/uploads\/2016\/08\/DIAMANTE.jpg\" alt=\"DIAMANTE\" width=\"640\" height=\"427\" srcset=\"http:\/\/www.pamplonaortodoncia.com\/wp-content\/uploads\/2016\/08\/DIAMANTE.jpg 640w, http:\/\/www.pamplonaortodoncia.com\/wp-content\/uploads\/2016\/08\/DIAMANTE-200x133.jpg 200w, http:\/\/www.pamplonaortodoncia.com\/wp-content\/uploads\/2016\/08\/DIAMANTE-350x234.jpg 350w, http:\/\/www.pamplonaortodoncia.com\/wp-content\/uploads\/2016\/08\/DIAMANTE-100x67.jpg 100w, http:\/\/www.pamplonaortodoncia.com\/wp-content\/uploads\/2016\/08\/DIAMANTE-223x149.jpg 223w\" sizes=\"(max-width: 640px) 100vw, 640px\" \/><\/a><\/p>\n<p>La obsesi\u00f3n de lucir unos dientes perfectos no es para nada moderna. Hace alrededor de 2.500 a\u00f1os, los mayas tambi\u00e9n se preocupaban por la est\u00e9tica de sus piezas dentales, y utilizaban un taladro primitivo para decorarlas. As\u00ed, AGUJEREABAN sus dientes para introducir en ellos piedras preciosas. \u00bfQu\u00e9 tal?<\/p>\n<h3>2. EL ORIGEN DEL RATONCITO P\u00c9REZ<\/h3>\n<p><a href=\"http:\/\/www.pamplonaortodoncia.com\/wp-content\/uploads\/2016\/08\/RATON.jpg\"><img decoding=\"async\" class=\"aligncenter size-full wp-image-2534\" src=\"http:\/\/www.pamplonaortodoncia.com\/wp-content\/uploads\/2016\/08\/RATON.jpg\" alt=\"RATON\" width=\"1920\" height=\"1080\" srcset=\"http:\/\/www.pamplonaortodoncia.com\/wp-content\/uploads\/2016\/08\/RATON.jpg 1920w, http:\/\/www.pamplonaortodoncia.com\/wp-content\/uploads\/2016\/08\/RATON-200x113.jpg 200w, http:\/\/www.pamplonaortodoncia.com\/wp-content\/uploads\/2016\/08\/RATON-350x197.jpg 350w, http:\/\/www.pamplonaortodoncia.com\/wp-content\/uploads\/2016\/08\/RATON-1024x576.jpg 1024w, http:\/\/www.pamplonaortodoncia.com\/wp-content\/uploads\/2016\/08\/RATON-100x56.jpg 100w, http:\/\/www.pamplonaortodoncia.com\/wp-content\/uploads\/2016\/08\/RATON-265x149.jpg 265w\" sizes=\"(max-width: 1920px) 100vw, 1920px\" \/><\/a><\/p>\n<p>En varias partes del mundo angloparlante, se habla del &#8220;Hada de los dientes&#8221;, pero para nosotros -los hispanohablantes- es el Ratoncito P\u00e9rez quien se encarga de recolectar nuestros dientes ca\u00eddos cuando somos peque\u00f1os. Pero, \u00bfc\u00f3mo naci\u00f3 este encantador personaje? Todo comenz\u00f3 en 1894, cuando el rey de Espa\u00f1a quiso celebrar que su ni\u00f1o hab\u00eda perdido su primer diente y, para ello, le orden\u00f3 al cura Luis Coloma que escribiera una historia. Esta se torn\u00f3 muy popular entre los ni\u00f1os espa\u00f1oles y, como consecuencia, el Ratoncito P\u00e9rez se convirti\u00f3 en una verdadera tradici\u00f3n.<\/p>\n<h3>3. LA VIDA ANTES DE LOS DENTISTAS<\/h3>\n<p><a href=\"http:\/\/www.pamplonaortodoncia.com\/wp-content\/uploads\/2016\/08\/HERRERO.jpg\"><img decoding=\"async\" class=\"aligncenter size-full wp-image-2535\" src=\"http:\/\/www.pamplonaortodoncia.com\/wp-content\/uploads\/2016\/08\/HERRERO.jpg\" alt=\"HERRERO\" width=\"640\" height=\"427\" srcset=\"http:\/\/www.pamplonaortodoncia.com\/wp-content\/uploads\/2016\/08\/HERRERO.jpg 640w, http:\/\/www.pamplonaortodoncia.com\/wp-content\/uploads\/2016\/08\/HERRERO-200x133.jpg 200w, http:\/\/www.pamplonaortodoncia.com\/wp-content\/uploads\/2016\/08\/HERRERO-350x234.jpg 350w, http:\/\/www.pamplonaortodoncia.com\/wp-content\/uploads\/2016\/08\/HERRERO-100x67.jpg 100w, http:\/\/www.pamplonaortodoncia.com\/wp-content\/uploads\/2016\/08\/HERRERO-223x149.jpg 223w\" sizes=\"(max-width: 640px) 100vw, 640px\" \/><\/a><\/p>\n<p>A principios del siglo XIX, los dentistas todav\u00eda no exist\u00edan, pero los problemas dentales, s\u00ed. \u00bfQui\u00e9n se encargaba, entonces, de solucionarlos? Aquellos que contaban con las herramientas m\u00e1s apropiadas, es decir, los herreros y los barberos. Su filosof\u00eda era bastante sencilla (y dolorosa) y se ce\u00f1\u00eda a un solo principio: la extracci\u00f3n.<\/p>\n<h3>4. LOS ANT\u00cdDOTOS ANTIGUOS<\/h3>\n<p><a href=\"http:\/\/www.pamplonaortodoncia.com\/wp-content\/uploads\/2016\/08\/VELA.jpg\"><img loading=\"lazy\" decoding=\"async\" class=\"aligncenter size-full wp-image-2536\" src=\"http:\/\/www.pamplonaortodoncia.com\/wp-content\/uploads\/2016\/08\/VELA.jpg\" alt=\"VELA\" width=\"640\" height=\"480\" srcset=\"http:\/\/www.pamplonaortodoncia.com\/wp-content\/uploads\/2016\/08\/VELA.jpg 640w, http:\/\/www.pamplonaortodoncia.com\/wp-content\/uploads\/2016\/08\/VELA-200x150.jpg 200w, http:\/\/www.pamplonaortodoncia.com\/wp-content\/uploads\/2016\/08\/VELA-350x263.jpg 350w, http:\/\/www.pamplonaortodoncia.com\/wp-content\/uploads\/2016\/08\/VELA-100x75.jpg 100w, http:\/\/www.pamplonaortodoncia.com\/wp-content\/uploads\/2016\/08\/VELA-199x149.jpg 199w\" sizes=\"(max-width: 640px) 100vw, 640px\" \/><\/a><\/p>\n<p>Como vimos en el punto anterior, el malestar ha sido una constante en la historia de la humanidad. Pero, nuestra raza no siempre cont\u00f3 con el conocimiento necesario para hacerle frente. Se lleg\u00f3 a pensar, por ejemplo, que el dolor dental era causado por gusanos, a los que se pretend\u00eda eliminar con una extra\u00f1a mezcla de cera y semillas o con el poder de ciertas palabras m\u00e1gicas.<\/p>\n<h3>5. EL LAVADO<\/h3>\n<p><a href=\"http:\/\/www.pamplonaortodoncia.com\/wp-content\/uploads\/2016\/08\/lavar_dientes.jpg\"><img loading=\"lazy\" decoding=\"async\" class=\"aligncenter size-full wp-image-2537\" src=\"http:\/\/www.pamplonaortodoncia.com\/wp-content\/uploads\/2016\/08\/lavar_dientes.jpg\" alt=\"lavar_dientes\" width=\"560\" height=\"357\" srcset=\"http:\/\/www.pamplonaortodoncia.com\/wp-content\/uploads\/2016\/08\/lavar_dientes.jpg 560w, http:\/\/www.pamplonaortodoncia.com\/wp-content\/uploads\/2016\/08\/lavar_dientes-200x128.jpg 200w, http:\/\/www.pamplonaortodoncia.com\/wp-content\/uploads\/2016\/08\/lavar_dientes-350x223.jpg 350w, http:\/\/www.pamplonaortodoncia.com\/wp-content\/uploads\/2016\/08\/lavar_dientes-100x64.jpg 100w, http:\/\/www.pamplonaortodoncia.com\/wp-content\/uploads\/2016\/08\/lavar_dientes-234x149.jpg 234w\" sizes=\"(max-width: 560px) 100vw, 560px\" \/><\/a><\/p>\n<p>La mayor\u00eda de las personas comparten la convicci\u00f3n de que lo mejor es lavarse los dientes inmediatamente despu\u00e9s de las comidas. Pero, esto no es tan as\u00ed; cuando acabas de comer tu boca est\u00e1 cargada de saliva (y toda su acidez). Y esta en conjunci\u00f3n con los qu\u00edmicos abrasivos de la pasta de dientes puede terminar por da\u00f1ar el esmalte dental. Lo recomendable, entonces, es primero enjuagarse la boca con agua y luego esperar alrededor de media hora para efectuar el cepillado.<\/p>\n<p>&nbsp;<\/p>\n<p><span style=\"color: #808080\">Fuente: http:\/\/www.imujer.com\/salud\/7709\/5-raras-curiosidades-sobre-los-die<\/span>ntes<\/p>\n","protected":false},"excerpt":{"rendered":"<p>1.DIENTES PRECIOSOS La obsesi\u00f3n de lucir unos dientes perfectos no es para nada moderna. Hace alrededor de 2.500 a\u00f1os, los mayas tambi\u00e9n se preocupaban por la est\u00e9tica de sus piezas dentales, y utilizaban un taladro primitivo para decorarlas. As\u00ed, AGUJEREABAN sus dientes para introducir en ellos piedras preciosas. \u00bfQu\u00e9 tal? 2. EL ORIGEN DEL RATONCITO [&hellip;]<\/p>\n","protected":false},"author":3,"featured_media":0,"comment_status":"closed","ping_status":"open","sticky":false,"template":"","format":"standard","meta":{"_monsterinsights_skip_tracking":false,"_monsterinsights_sitenote_active":false,"_monsterinsights_sitenote_note":"","_monsterinsights_sitenote_category":0,"ngg_post_thumbnail":0,"footnotes":""},"categories":[5],"tags":[166,24,200],"class_list":["post-2530","post","type-post","status-publish","format-standard","hentry","category-blog","tag-cepillado-de-dientes","tag-dientes","tag-ratoncito-perez"],"_links":{"self":[{"href":"http:\/\/www.pamplonaortodoncia.com\/index.php?rest_route=\/wp\/v2\/posts\/2530","targetHints":{"allow":["GET"]}}],"collection":[{"href":"http:\/\/www.pamplonaortodoncia.com\/index.php?rest_route=\/wp\/v2\/posts"}],"about":[{"href":"http:\/\/www.pamplonaortodoncia.com\/index.php?rest_route=\/wp\/v2\/types\/post"}],"author":[{"embeddable":true,"href":"http:\/\/www.pamplonaortodoncia.com\/index.php?rest_route=\/wp\/v2\/users\/3"}],"replies":[{"embeddable":true,"href":"http:\/\/www.pamplonaortodoncia.com\/index.php?rest_route=%2Fwp%2Fv2%2Fcomments&post=2530"}],"version-history":[{"count":0,"href":"http:\/\/www.pamplonaortodoncia.com\/index.php?rest_route=\/wp\/v2\/posts\/2530\/revisions"}],"wp:attachment":[{"href":"http:\/\/www.pamplonaortodoncia.com\/index.php?rest_route=%2Fwp%2Fv2%2Fmedia&parent=2530"}],"wp:term":[{"taxonomy":"category","embeddable":true,"href":"http:\/\/www.pamplonaortodoncia.com\/index.php?rest_route=%2Fwp%2Fv2%2Fcategories&post=2530"},{"taxonomy":"post_tag","embeddable":true,"href":"http:\/\/www.pamplonaortodoncia.com\/index.php?rest_route=%2Fwp%2Fv2%2Ftags&post=2530"}],"curies":[{"name":"wp","href":"https:\/\/api.w.org\/{rel}","templated":true}]}}