{"id":2566,"date":"2016-12-14T11:12:23","date_gmt":"2016-12-14T11:12:23","guid":{"rendered":"http:\/\/www.pamplonaortodoncia.com\/?p=2566"},"modified":"2016-12-14T11:12:23","modified_gmt":"2016-12-14T11:12:23","slug":"el-miedo-no-solo-esta-en-los-ninos","status":"publish","type":"post","link":"http:\/\/www.pamplonaortodoncia.com\/?p=2566","title":{"rendered":"El miedo no s\u00f3lo est\u00e1 en los ni\u00f1os :-)"},"content":{"rendered":"<figure id=\"attachment_2567\" aria-describedby=\"caption-attachment-2567\" style=\"width: 480px\" class=\"wp-caption aligncenter\"><a href=\"http:\/\/www.pamplonaortodoncia.com\/wp-content\/uploads\/2016\/12\/ZERO.jpg\"><img fetchpriority=\"high\" decoding=\"async\" class=\"wp-image-2567 size-full\" src=\"http:\/\/www.pamplonaortodoncia.com\/wp-content\/uploads\/2016\/12\/ZERO.jpg\" alt=\"zero\" width=\"480\" height=\"480\" srcset=\"http:\/\/www.pamplonaortodoncia.com\/wp-content\/uploads\/2016\/12\/ZERO.jpg 480w, http:\/\/www.pamplonaortodoncia.com\/wp-content\/uploads\/2016\/12\/ZERO-200x200.jpg 200w, http:\/\/www.pamplonaortodoncia.com\/wp-content\/uploads\/2016\/12\/ZERO-350x350.jpg 350w, http:\/\/www.pamplonaortodoncia.com\/wp-content\/uploads\/2016\/12\/ZERO-50x50.jpg 50w, http:\/\/www.pamplonaortodoncia.com\/wp-content\/uploads\/2016\/12\/ZERO-150x150.jpg 150w, http:\/\/www.pamplonaortodoncia.com\/wp-content\/uploads\/2016\/12\/ZERO-100x100.jpg 100w, http:\/\/www.pamplonaortodoncia.com\/wp-content\/uploads\/2016\/12\/ZERO-55x55.jpg 55w, http:\/\/www.pamplonaortodoncia.com\/wp-content\/uploads\/2016\/12\/ZERO-149x149.jpg 149w, http:\/\/www.pamplonaortodoncia.com\/wp-content\/uploads\/2016\/12\/ZERO-179x179.jpg 179w\" sizes=\"(max-width: 480px) 100vw, 480px\" \/><\/a><figcaption id=\"caption-attachment-2567\" class=\"wp-caption-text\">Cuando tu hijo te transmite su coraje.<\/figcaption><\/figure>\n","protected":false},"excerpt":{"rendered":"","protected":false},"author":3,"featured_media":0,"comment_status":"closed","ping_status":"open","sticky":false,"template":"","format":"standard","meta":{"_monsterinsights_skip_tracking":false,"_monsterinsights_sitenote_active":false,"_monsterinsights_sitenote_note":"","_monsterinsights_sitenote_category":0,"ngg_post_thumbnail":0,"footnotes":""},"categories":[5],"tags":[26,58,18],"class_list":["post-2566","post","type-post","status-publish","format-standard","hentry","category-blog","tag-dentista","tag-miedo","tag-ninos"],"_links":{"self":[{"href":"http:\/\/www.pamplonaortodoncia.com\/index.php?rest_route=\/wp\/v2\/posts\/2566","targetHints":{"allow":["GET"]}}],"collection":[{"href":"http:\/\/www.pamplonaortodoncia.com\/index.php?rest_route=\/wp\/v2\/posts"}],"about":[{"href":"http:\/\/www.pamplonaortodoncia.com\/index.php?rest_route=\/wp\/v2\/types\/post"}],"author":[{"embeddable":true,"href":"http:\/\/www.pamplonaortodoncia.com\/index.php?rest_route=\/wp\/v2\/users\/3"}],"replies":[{"embeddable":true,"href":"http:\/\/www.pamplonaortodoncia.com\/index.php?rest_route=%2Fwp%2Fv2%2Fcomments&post=2566"}],"version-history":[{"count":0,"href":"http:\/\/www.pamplonaortodoncia.com\/index.php?rest_route=\/wp\/v2\/posts\/2566\/revisions"}],"wp:attachment":[{"href":"http:\/\/www.pamplonaortodoncia.com\/index.php?rest_route=%2Fwp%2Fv2%2Fmedia&parent=2566"}],"wp:term":[{"taxonomy":"category","embeddable":true,"href":"http:\/\/www.pamplonaortodoncia.com\/index.php?rest_route=%2Fwp%2Fv2%2Fcategories&post=2566"},{"taxonomy":"post_tag","embeddable":true,"href":"http:\/\/www.pamplonaortodoncia.com\/index.php?rest_route=%2Fwp%2Fv2%2Ftags&post=2566"}],"curies":[{"name":"wp","href":"https:\/\/api.w.org\/{rel}","templated":true}]}}