{"id":2866,"date":"2017-10-18T08:58:36","date_gmt":"2017-10-18T08:58:36","guid":{"rendered":"http:\/\/www.pamplonaortodoncia.com\/?p=2866"},"modified":"2017-10-18T08:59:13","modified_gmt":"2017-10-18T08:59:13","slug":"paciente-clase-ii-canino-incluido","status":"publish","type":"post","link":"http:\/\/www.pamplonaortodoncia.com\/?p=2866","title":{"rendered":"Paciente Clase II canino inclu\u00eddo"},"content":{"rendered":"<p>Paciente de 16 a\u00f1os viene a consulta de los Doctores Lahoz y Rouch en Junio de 2015. Nos comenta &#8220;me queda el colmillo de leche, \u00bfqu\u00e9 hacemos?&#8221;<\/p>\n<ul>\n<li>Clase I esquel\u00e9tica<\/li>\n<li>Clase II molar \/ canina<\/li>\n<li>Canino 23 incluido<\/li>\n<li>Mordida cruzada 26<\/li>\n<\/ul>\n<p>Decidimos colocar aparatolog\u00eda fija superior e inferior, con brackets de autoligado. A los 4 meses del tratamiento se realiza la fenestraci\u00f3n del canino incluido. Un a\u00f1os despu\u00e9s el colmillo estaba ya en la arcada y despu\u00e9s procedemos a corregir la Clase II molar.<\/p>\n<p>Quitamos el aparato en Agosto 2017. Colocamos contenci\u00f3n fija en el canino superior y de canino a canino inferior. Tambi\u00e9n lleva unas f\u00e9rulas ESSIX para mantener a la noche.<\/p>\nngg_shortcode_0_placeholder\n","protected":false},"excerpt":{"rendered":"<p>Paciente de 16 a\u00f1os viene a consulta de los Doctores Lahoz y Rouch en Junio de 2015. Nos comenta &#8220;me queda el colmillo de leche, \u00bfqu\u00e9 hacemos?&#8221; Clase I esquel\u00e9tica Clase II molar \/ canina Canino 23 incluido Mordida cruzada 26 Decidimos colocar aparatolog\u00eda fija superior e inferior, con brackets de autoligado. A los 4 [&hellip;]<\/p>\n","protected":false},"author":3,"featured_media":0,"comment_status":"closed","ping_status":"open","sticky":false,"template":"","format":"standard","meta":{"_monsterinsights_skip_tracking":false,"_monsterinsights_sitenote_active":false,"_monsterinsights_sitenote_note":"","_monsterinsights_sitenote_category":0,"ngg_post_thumbnail":0,"footnotes":""},"categories":[6],"tags":[183,133],"class_list":["post-2866","post","type-post","status-publish","format-standard","hentry","category-casos_clinicos","tag-canino-incluido","tag-clase-ii"],"_links":{"self":[{"href":"http:\/\/www.pamplonaortodoncia.com\/index.php?rest_route=\/wp\/v2\/posts\/2866","targetHints":{"allow":["GET"]}}],"collection":[{"href":"http:\/\/www.pamplonaortodoncia.com\/index.php?rest_route=\/wp\/v2\/posts"}],"about":[{"href":"http:\/\/www.pamplonaortodoncia.com\/index.php?rest_route=\/wp\/v2\/types\/post"}],"author":[{"embeddable":true,"href":"http:\/\/www.pamplonaortodoncia.com\/index.php?rest_route=\/wp\/v2\/users\/3"}],"replies":[{"embeddable":true,"href":"http:\/\/www.pamplonaortodoncia.com\/index.php?rest_route=%2Fwp%2Fv2%2Fcomments&post=2866"}],"version-history":[{"count":0,"href":"http:\/\/www.pamplonaortodoncia.com\/index.php?rest_route=\/wp\/v2\/posts\/2866\/revisions"}],"wp:attachment":[{"href":"http:\/\/www.pamplonaortodoncia.com\/index.php?rest_route=%2Fwp%2Fv2%2Fmedia&parent=2866"}],"wp:term":[{"taxonomy":"category","embeddable":true,"href":"http:\/\/www.pamplonaortodoncia.com\/index.php?rest_route=%2Fwp%2Fv2%2Fcategories&post=2866"},{"taxonomy":"post_tag","embeddable":true,"href":"http:\/\/www.pamplonaortodoncia.com\/index.php?rest_route=%2Fwp%2Fv2%2Ftags&post=2866"}],"curies":[{"name":"wp","href":"https:\/\/api.w.org\/{rel}","templated":true}]}}