{"id":2893,"date":"2017-10-18T09:22:30","date_gmt":"2017-10-18T09:22:30","guid":{"rendered":"http:\/\/www.pamplonaortodoncia.com\/?p=2893"},"modified":"2017-10-18T09:22:30","modified_gmt":"2017-10-18T09:22:30","slug":"paciente-clase-i-tendencia-clase-iii-y-laterales-enanos","status":"publish","type":"post","link":"http:\/\/www.pamplonaortodoncia.com\/?p=2893","title":{"rendered":"Paciente Clase I tendencia Clase III y laterales enanos"},"content":{"rendered":"<p>Paciente de 15 a\u00f1os &#8220;no le gusta su sonrisa&#8221;. La paciente presenta:<\/p>\n<ul>\n<li>Clase I esquel\u00e9tica con tendencia a Clase III<\/li>\n<li>Clase I molar<\/li>\n<li>Perfil con protusi\u00f3n mandibular<\/li>\n<li>Laterales enanos<\/li>\n<li>Api\u00f1amiento<\/li>\n<\/ul>\n<p>El tratamiento se hizo con brackets de autoligado y tuvo una duraci\u00f3n de a\u00f1o y medio. Al finalizar, su dentista le hizo reconstrucci\u00f3n con carillas de los incisivos laterales 12.22.&nbsp;<\/p>\n<p>Ahora la paciente est\u00e1 en contenci\u00f3n con f\u00e9rulas superior e inferior m\u00e1s contenci\u00f3n fija inferior.<\/p>\nngg_shortcode_0_placeholder\n","protected":false},"excerpt":{"rendered":"<p>Paciente de 15 a\u00f1os &#8220;no le gusta su sonrisa&#8221;. La paciente presenta: Clase I esquel\u00e9tica con tendencia a Clase III Clase I molar Perfil con protusi\u00f3n mandibular Laterales enanos Api\u00f1amiento El tratamiento se hizo con brackets de autoligado y tuvo una duraci\u00f3n de a\u00f1o y medio. Al finalizar, su dentista le hizo reconstrucci\u00f3n con carillas [&hellip;]<\/p>\n","protected":false},"author":3,"featured_media":0,"comment_status":"closed","ping_status":"open","sticky":false,"template":"","format":"standard","meta":{"_monsterinsights_skip_tracking":false,"_monsterinsights_sitenote_active":false,"_monsterinsights_sitenote_note":"","_monsterinsights_sitenote_category":0,"ngg_post_thumbnail":0,"footnotes":""},"categories":[6],"tags":[134,232],"class_list":["post-2893","post","type-post","status-publish","format-standard","hentry","category-casos_clinicos","tag-apinamiento","tag-lateral-enano"],"_links":{"self":[{"href":"http:\/\/www.pamplonaortodoncia.com\/index.php?rest_route=\/wp\/v2\/posts\/2893","targetHints":{"allow":["GET"]}}],"collection":[{"href":"http:\/\/www.pamplonaortodoncia.com\/index.php?rest_route=\/wp\/v2\/posts"}],"about":[{"href":"http:\/\/www.pamplonaortodoncia.com\/index.php?rest_route=\/wp\/v2\/types\/post"}],"author":[{"embeddable":true,"href":"http:\/\/www.pamplonaortodoncia.com\/index.php?rest_route=\/wp\/v2\/users\/3"}],"replies":[{"embeddable":true,"href":"http:\/\/www.pamplonaortodoncia.com\/index.php?rest_route=%2Fwp%2Fv2%2Fcomments&post=2893"}],"version-history":[{"count":0,"href":"http:\/\/www.pamplonaortodoncia.com\/index.php?rest_route=\/wp\/v2\/posts\/2893\/revisions"}],"wp:attachment":[{"href":"http:\/\/www.pamplonaortodoncia.com\/index.php?rest_route=%2Fwp%2Fv2%2Fmedia&parent=2893"}],"wp:term":[{"taxonomy":"category","embeddable":true,"href":"http:\/\/www.pamplonaortodoncia.com\/index.php?rest_route=%2Fwp%2Fv2%2Fcategories&post=2893"},{"taxonomy":"post_tag","embeddable":true,"href":"http:\/\/www.pamplonaortodoncia.com\/index.php?rest_route=%2Fwp%2Fv2%2Ftags&post=2893"}],"curies":[{"name":"wp","href":"https:\/\/api.w.org\/{rel}","templated":true}]}}