{"id":2973,"date":"2024-11-03T09:00:17","date_gmt":"2024-11-03T09:00:17","guid":{"rendered":"http:\/\/www.pamplonaortodoncia.com\/?p=2973"},"modified":"2024-11-21T10:14:15","modified_gmt":"2024-11-21T10:14:15","slug":"por-que-ortodoncia","status":"publish","type":"post","link":"http:\/\/www.pamplonaortodoncia.com\/?p=2973","title":{"rendered":"\u00bfPor qu\u00e9 ortodoncia?"},"content":{"rendered":"<p>Los brackets y la ortodoncia se utilizan para corregir la &#8220;mordedura deficiente&#8221; u oclusi\u00f3n dental defectuosa (cuando los dientes est\u00e1n amontonados o torcidos). En algunos casos, los dientes est\u00e1n derechos, pero la mand\u00edbula superior y la inferior no encajan correctamente. Estos problemas de mand\u00edbula o alineaci\u00f3n de los dientes pueden ser heredados o podr\u00edan ser consecuencia de una lesi\u00f3n, de la pronta o tard\u00eda p\u00e9rdida de dientes, o de chuparse el pulgar.<\/p>\n<p>Si no se corrige una mordedura deficiente, podr\u00edan surgir otros problemas de salud bucal, entre ellos:<\/p>\n<ul>\n<li>Caries dental<\/li>\n<li>Enfermedad de las enc\u00edas<\/li>\n<li>P\u00e9rdida de dientes<\/li>\n<li>Masticaci\u00f3n y habla afectadas<\/li>\n<li>Desgaste inusual del esmalte dental<\/li>\n<li>Problemas de mand\u00edbula<\/li>\n<\/ul>\n<p>Existen distintas formas de enderezar los dientes. El tipo de tratamiento ortod\u00f3ntico que siga depender\u00e1 de sus preferencias y de las opciones que le proponga su odont\u00f3logo u ortodoncista.<\/p>\n<p><img fetchpriority=\"high\" decoding=\"async\" class=\"aligncenter size-full wp-image-2974\" src=\"http:\/\/www.pamplonaortodoncia.com\/wp-content\/uploads\/2018\/01\/bks.jpg\" alt=\"\" width=\"1080\" height=\"724\" srcset=\"http:\/\/www.pamplonaortodoncia.com\/wp-content\/uploads\/2018\/01\/bks.jpg 1080w, http:\/\/www.pamplonaortodoncia.com\/wp-content\/uploads\/2018\/01\/bks-200x134.jpg 200w, http:\/\/www.pamplonaortodoncia.com\/wp-content\/uploads\/2018\/01\/bks-350x235.jpg 350w, http:\/\/www.pamplonaortodoncia.com\/wp-content\/uploads\/2018\/01\/bks-768x515.jpg 768w, http:\/\/www.pamplonaortodoncia.com\/wp-content\/uploads\/2018\/01\/bks-1024x686.jpg 1024w, http:\/\/www.pamplonaortodoncia.com\/wp-content\/uploads\/2018\/01\/bks-100x67.jpg 100w, http:\/\/www.pamplonaortodoncia.com\/wp-content\/uploads\/2018\/01\/bks-222x149.jpg 222w\" sizes=\"(max-width: 1080px) 100vw, 1080px\" \/><\/p>\n<p>Puesto que la mordedura deficiente se puede observar entre los 6 y los 12 a\u00f1os, la ortodoncia a menudo comienza entre los 8 y los 14 a\u00f1os. El hecho de iniciar el tratamiento mientras el ni\u00f1o est\u00e1 creciendo contribuye a generar mejores resultados. Eso no significa que los adultos no puedan tener brackets; los dientes sanos se pueden someter a un tratamiento dental a cualquier edad.<\/p>\n<h6><span style=\"color: #999999\">Fuente:&nbsp;www.mouthhealthy.org<\/span><\/h6>\n","protected":false},"excerpt":{"rendered":"<p>Los brackets y la ortodoncia se utilizan para corregir la &#8220;mordedura deficiente&#8221; u oclusi\u00f3n dental defectuosa (cuando los dientes est\u00e1n amontonados o torcidos). En algunos casos, los dientes est\u00e1n derechos, pero la mand\u00edbula superior y la inferior no encajan correctamente. Estos problemas de mand\u00edbula o alineaci\u00f3n de los dientes pueden ser heredados o podr\u00edan ser [&hellip;]<\/p>\n","protected":false},"author":3,"featured_media":0,"comment_status":"closed","ping_status":"open","sticky":false,"template":"","format":"standard","meta":{"_monsterinsights_skip_tracking":false,"_monsterinsights_sitenote_active":false,"_monsterinsights_sitenote_note":"","_monsterinsights_sitenote_category":0,"ngg_post_thumbnail":0,"footnotes":""},"categories":[5],"tags":[238,107,237,129,143,42],"class_list":["post-2973","post","type-post","status-publish","format-standard","hentry","category-blog","tag-acero","tag-brackets","tag-ceramica","tag-incognito","tag-invisalign","tag-ortodoncia"],"_links":{"self":[{"href":"http:\/\/www.pamplonaortodoncia.com\/index.php?rest_route=\/wp\/v2\/posts\/2973","targetHints":{"allow":["GET"]}}],"collection":[{"href":"http:\/\/www.pamplonaortodoncia.com\/index.php?rest_route=\/wp\/v2\/posts"}],"about":[{"href":"http:\/\/www.pamplonaortodoncia.com\/index.php?rest_route=\/wp\/v2\/types\/post"}],"author":[{"embeddable":true,"href":"http:\/\/www.pamplonaortodoncia.com\/index.php?rest_route=\/wp\/v2\/users\/3"}],"replies":[{"embeddable":true,"href":"http:\/\/www.pamplonaortodoncia.com\/index.php?rest_route=%2Fwp%2Fv2%2Fcomments&post=2973"}],"version-history":[{"count":0,"href":"http:\/\/www.pamplonaortodoncia.com\/index.php?rest_route=\/wp\/v2\/posts\/2973\/revisions"}],"wp:attachment":[{"href":"http:\/\/www.pamplonaortodoncia.com\/index.php?rest_route=%2Fwp%2Fv2%2Fmedia&parent=2973"}],"wp:term":[{"taxonomy":"category","embeddable":true,"href":"http:\/\/www.pamplonaortodoncia.com\/index.php?rest_route=%2Fwp%2Fv2%2Fcategories&post=2973"},{"taxonomy":"post_tag","embeddable":true,"href":"http:\/\/www.pamplonaortodoncia.com\/index.php?rest_route=%2Fwp%2Fv2%2Ftags&post=2973"}],"curies":[{"name":"wp","href":"https:\/\/api.w.org\/{rel}","templated":true}]}}