{"id":3004,"date":"2018-03-28T10:36:05","date_gmt":"2018-03-28T10:36:05","guid":{"rendered":"http:\/\/www.pamplonaortodoncia.com\/?p=3004"},"modified":"2018-03-28T10:38:01","modified_gmt":"2018-03-28T10:38:01","slug":"paciente-con-mordida-abierta","status":"publish","type":"post","link":"http:\/\/www.pamplonaortodoncia.com\/?p=3004","title":{"rendered":"Paciente con mordida abierta"},"content":{"rendered":"<p>Presenta:<\/p>\n<ul>\n<li>Clase I esquel\u00e9tica<\/li>\n<li>Clase II molar y canina<\/li>\n<li>biprotrusi\u00f3n alveolar<\/li>\n<li>mordida abierta anterior<\/li>\n<li>mordida cruzada derecha<\/li>\n<li>l\u00ednea media desviada<\/li>\n<\/ul>\n<p>El tratamiento se hizo con brackets de autoligado y tuvo una duraci\u00f3n de 22 meses. Hicimos al mismo tiempo una reeducaci\u00f3n de los h\u00e1bitos de degluci\u00f3n. Tambi\u00e9n se uso microtornillos para corregir la clase II molar derecha.<\/p>\n<p>Ahora la paciente esta en contenci\u00f3n con f\u00e9rulas m\u00e1s una contenci\u00f3n fija superior e inferior.<\/p>\n<h2><span style=\"color: #ff6600\">INICIO &nbsp; &nbsp; &nbsp; &nbsp; &nbsp; &nbsp; &nbsp; &nbsp; &nbsp; &nbsp; &nbsp; &nbsp;FIN<\/span><\/h2>\nngg_shortcode_0_placeholder\n","protected":false},"excerpt":{"rendered":"<p>Presenta: Clase I esquel\u00e9tica Clase II molar y canina biprotrusi\u00f3n alveolar mordida abierta anterior mordida cruzada derecha l\u00ednea media desviada El tratamiento se hizo con brackets de autoligado y tuvo una duraci\u00f3n de 22 meses. Hicimos al mismo tiempo una reeducaci\u00f3n de los h\u00e1bitos de degluci\u00f3n. Tambi\u00e9n se uso microtornillos para corregir la clase II [&hellip;]<\/p>\n","protected":false},"author":3,"featured_media":0,"comment_status":"closed","ping_status":"open","sticky":false,"template":"","format":"standard","meta":{"_monsterinsights_skip_tracking":false,"_monsterinsights_sitenote_active":false,"_monsterinsights_sitenote_note":"","_monsterinsights_sitenote_category":0,"ngg_post_thumbnail":0,"footnotes":""},"categories":[6],"tags":[135,242,184,243],"class_list":["post-3004","post","type-post","status-publish","format-standard","hentry","category-casos_clinicos","tag-linea-media","tag-mordida-abierta","tag-mordida-cruzada","tag-reeducacion-habitos"],"_links":{"self":[{"href":"http:\/\/www.pamplonaortodoncia.com\/index.php?rest_route=\/wp\/v2\/posts\/3004","targetHints":{"allow":["GET"]}}],"collection":[{"href":"http:\/\/www.pamplonaortodoncia.com\/index.php?rest_route=\/wp\/v2\/posts"}],"about":[{"href":"http:\/\/www.pamplonaortodoncia.com\/index.php?rest_route=\/wp\/v2\/types\/post"}],"author":[{"embeddable":true,"href":"http:\/\/www.pamplonaortodoncia.com\/index.php?rest_route=\/wp\/v2\/users\/3"}],"replies":[{"embeddable":true,"href":"http:\/\/www.pamplonaortodoncia.com\/index.php?rest_route=%2Fwp%2Fv2%2Fcomments&post=3004"}],"version-history":[{"count":0,"href":"http:\/\/www.pamplonaortodoncia.com\/index.php?rest_route=\/wp\/v2\/posts\/3004\/revisions"}],"wp:attachment":[{"href":"http:\/\/www.pamplonaortodoncia.com\/index.php?rest_route=%2Fwp%2Fv2%2Fmedia&parent=3004"}],"wp:term":[{"taxonomy":"category","embeddable":true,"href":"http:\/\/www.pamplonaortodoncia.com\/index.php?rest_route=%2Fwp%2Fv2%2Fcategories&post=3004"},{"taxonomy":"post_tag","embeddable":true,"href":"http:\/\/www.pamplonaortodoncia.com\/index.php?rest_route=%2Fwp%2Fv2%2Ftags&post=3004"}],"curies":[{"name":"wp","href":"https:\/\/api.w.org\/{rel}","templated":true}]}}