{"id":3081,"date":"2018-05-16T10:02:49","date_gmt":"2018-05-16T10:02:49","guid":{"rendered":"http:\/\/www.pamplonaortodoncia.com\/?p=3081"},"modified":"2018-05-16T10:03:24","modified_gmt":"2018-05-16T10:03:24","slug":"prevencion-de-caries-en-los-ninos","status":"publish","type":"post","link":"http:\/\/www.pamplonaortodoncia.com\/?p=3081","title":{"rendered":"Prevenci\u00f3n de caries en los ni\u00f1os"},"content":{"rendered":"<p><img fetchpriority=\"high\" decoding=\"async\" class=\"aligncenter size-full wp-image-3083\" src=\"http:\/\/www.pamplonaortodoncia.com\/wp-content\/uploads\/2018\/05\/Portada-nino-caries.png\" alt=\"\" width=\"725\" height=\"481\" srcset=\"http:\/\/www.pamplonaortodoncia.com\/wp-content\/uploads\/2018\/05\/Portada-nino-caries.png 725w, http:\/\/www.pamplonaortodoncia.com\/wp-content\/uploads\/2018\/05\/Portada-nino-caries-200x133.png 200w, http:\/\/www.pamplonaortodoncia.com\/wp-content\/uploads\/2018\/05\/Portada-nino-caries-350x232.png 350w, http:\/\/www.pamplonaortodoncia.com\/wp-content\/uploads\/2018\/05\/Portada-nino-caries-100x66.png 100w, http:\/\/www.pamplonaortodoncia.com\/wp-content\/uploads\/2018\/05\/Portada-nino-caries-225x149.png 225w\" sizes=\"(max-width: 725px) 100vw, 725px\" \/><\/p>\n<p>La caries dental es la enfermedad bucodental m\u00e1s prevalente en poblaci\u00f3n infantil. Seg\u00fan los \u00faltimos estudios nacionales de salud bucal, un 33,9% de ni\u00f1os de 6 a\u00f1os presentan caries y a los 15 esta prevalencia aumenta al 43,2%. &nbsp;<\/p>\n<p>En segundo lugar, estar\u00eda la gingivitis provocada por placa, que se presenta en m\u00e1s del 50% de pacientes de 6 a\u00f1os. La periodontitis en edades tan tempranas es muy extra\u00f1a y est\u00e1 asociadas a s\u00edndromes o alteraciones fisiol\u00f3gicas. &nbsp;&nbsp;<\/p>\n<p>La caries es una enfermedad infecciosa que destruye los tejidos dentarios. Es necesario para desarrollarla que haya un hu\u00e9sped susceptible (diente), hidratos de carbono (presentes en la dieta) la presencia del pat\u00f3geno (placa dental) y que esta acci\u00f3n se repita de forma peri\u00f3dica y prolongada en el tiempo. Es importante destacar que es una patolog\u00eda prevenible si se siguen las pautas de cuidados diet\u00e9ticos, odontol\u00f3gicos y de higiene bucal adaptadas al riesgo de caries que presente cada individuo.<\/p>\n<h2><b>\u00bfQu\u00e9 causa la caries?<\/b><\/h2>\n<p><b>Las bacterias cariog\u00e9nicas presentes en la placa dental utilizan los hidratos de carbono de la dieta como fuente de energ\u00eda.<\/b>&nbsp;El resultado de la metabolizaci\u00f3n produce un \u00e1cido que disminuye el pH bucal y el esmalte dental empieza el proceso de desmineralizaci\u00f3n. Por el contrario, cuando el medio bucal se vuelve b\u00e1sico (pH &gt; 7), por efecto tamp\u00f3n de la saliva y por la higiene bucal, se produce la remineralizaci\u00f3n. &nbsp;Estos procesos son peri\u00f3dicos en estado de equilibrio salubre. Por lo tanto, cuando se mantiene el proceso de desmineralizaci\u00f3n y se rompe el equilibrio, se da la p\u00e9rdida de tejido dental.<\/p>\n<h2><b>\u00bfQu\u00e9 aspecto tienen las caries?<\/b><\/h2>\n<p>La primera se\u00f1al es la aparici\u00f3n de un&nbsp;<b>cambio de color en el diente<\/b>&nbsp;que se vuelve blanquecino y sin brillo. &nbsp;En esta fase inicial de<i>&nbsp;mancha blanca<\/i>&nbsp;la lesi\u00f3n es el \u00fanico estadio que puede ser reversible&nbsp;en algunos casos pudi\u00e9ndose evitar la cavitaci\u00f3n con fl\u00faor t\u00f3pico y control de dieta. Si aparece esta mancha blanca, aunque no es f\u00e1cilmente perceptible, es importante acudir al odontopediatra de inmediato para determinar las pautas preventivas individualizadas.<\/p>\n<p>La lesi\u00f3n de caries evoluciona desde una mancha amarillenta a una cavidad marr\u00f3n-negra, y puede progresar hasta la afectaci\u00f3n pulpar, las cuales precisar\u00e1n tratamiento restaurador.<\/p>\n<p>&nbsp;<\/p>\n<h2><b>&nbsp;\u00bfC\u00f3mo se pueden prevenir las caries en los ni\u00f1os?<\/b><\/h2>\n<p>Dieta, higiene bucodental y visita peri\u00f3dica al odontopediatra:<\/p>\n<p>&nbsp;<\/p>\n<h3>a) Dieta.<\/h3>\n<p>a. Evitar picoteo entre horas:<\/p>\n<p>Haciendo referencia a la desmineralizaci\u00f3n que se produce despu\u00e9s de cada ingesta, es importante dejar pasar entre dos y tres horas entre comida y comida para dejar que la boca recupere su pH protector.<\/p>\n<p>b. Frecuencia:<\/p>\n<p>Cada vez que se consumen az\u00facares, hidratos de carbono, se reproduce el ciclo de la desmineralizaci\u00f3n del mismo modo que cu\u00e1nto m\u00e1s tiempo dejemos la boca sin realizar la higiene adecuada m\u00e1s tiempo estar\u00e1n atacando produciendo \u00e1cidos.<\/p>\n<p>c. Evitar hidratos de carbono simples:<\/p>\n<p>Dentro de este grupo est\u00e1n tanto los az\u00facares \u201cobvios\u201d, como el que llevan las galletas, chocolate, cereales, boller\u00eda\u2026<\/p>\n<p>d.&nbsp;Aprender a leer los az\u00facares ocultos<\/p>\n<p>A la hora de comprar un producto es importante leer atentamente la etiqueta. Siempre hay que buscar en informaci\u00f3n nutricional hidratos de carbono \u2013 de los cuales az\u00facares. Cualquier producto que supere los 4 gr de az\u00facar por cada 100gr de producto es demasiado. Para hacer un c\u00e1lculo mental f\u00e1cil, un terr\u00f3n de az\u00facar es alrededor de 4-6 gr de az\u00facar y la dosis m\u00e1xima en adultos es de 25gr.<\/p>\n<p>&nbsp;<\/p>\n<h3>b) Higiene bucal<\/h3>\n<p>a. Cepillo: Cuando salga el primer diente, empezar a utilizar el cepillo dental, que debe ser siempre con cabezal peque\u00f1o y mango adaptado a la mano del adulto, que realizar\u00e1 el cepillado.<\/p>\n<p>b. Supervisi\u00f3n: a pesar de que los ni\u00f1os desde bien peque\u00f1os son capaces de manipular el cepillo, la eficiencia higi\u00e9nica es muy baja, por lo que se recomienda que el ni\u00f1o hasta los 8 a\u00f1os sea un adulto quien repase (cepille) los dientes. Y a partir de esa edad supervisar hasta alcanzar un cepillado efectivo.<\/p>\n<p>c. Fl\u00faor: La cantidad recomendada de fl\u00faor en la pasta det\u00edfrica son Son 1000 ppm a partir de los 2 a\u00f1os &nbsp;y la cantidad similar al volumen de un grano de arroz. A partir de los 6 a\u00f1os se recomienda una concentraci\u00f3n de fl\u00faor de 1450 ppm &nbsp;y utilizar una cantidad similar al volumen de un guisante. Cuando el ni\u00f1o sepa escupir podemos incorporar el uso de colutorio.<\/p>\n<p>Actualmente se recomienda que los ni\u00f1os acudan a su primera revisi\u00f3n dental con el odontopediatra&nbsp;. En esta visita se calcular\u00e1 el riesgo de caries de cada ni\u00f1o y se recomendar\u00e1n las pautas de dieta, higiene y consultas necesarias para evitar la aparici\u00f3n de caries.<\/p>\n<h2><b>\u00bfCu\u00e1ndo es conveniente hacer una revisi\u00f3n de boca por primera vez?<\/b><\/h2>\n<p>Actualmente se recomienda que los ni\u00f1os acudan a su primera revisi\u00f3n dental con el odontopediatra&nbsp;. En esta visita se calcular\u00e1 el riesgo de caries de cada ni\u00f1o y se recomendar\u00e1n las pautas de dieta, higiene y consultas necesarias para evitar la aparici\u00f3n de caries.<\/p>\n<p><span style=\"color: #999999\">Fuente:&nbsp;www.higienistasvitis.com<\/span><\/p>\n","protected":false},"excerpt":{"rendered":"<p>La caries dental es la enfermedad bucodental m\u00e1s prevalente en poblaci\u00f3n infantil. Seg\u00fan los \u00faltimos estudios nacionales de salud bucal, un 33,9% de ni\u00f1os de 6 a\u00f1os presentan caries y a los 15 esta prevalencia aumenta al 43,2%. &nbsp; En segundo lugar, estar\u00eda la gingivitis provocada por placa, que se presenta en m\u00e1s del 50% [&hellip;]<\/p>\n","protected":false},"author":3,"featured_media":0,"comment_status":"closed","ping_status":"open","sticky":false,"template":"","format":"standard","meta":{"_monsterinsights_skip_tracking":false,"_monsterinsights_sitenote_active":false,"_monsterinsights_sitenote_note":"","_monsterinsights_sitenote_category":0,"ngg_post_thumbnail":0,"footnotes":""},"categories":[5],"tags":[220,122,254,201,18,253],"class_list":["post-3081","post","type-post","status-publish","format-standard","hentry","category-blog","tag-azucar","tag-caries","tag-hidratos-de-carbono","tag-higiene-bucodental","tag-ninos","tag-odontopediatra"],"_links":{"self":[{"href":"http:\/\/www.pamplonaortodoncia.com\/index.php?rest_route=\/wp\/v2\/posts\/3081","targetHints":{"allow":["GET"]}}],"collection":[{"href":"http:\/\/www.pamplonaortodoncia.com\/index.php?rest_route=\/wp\/v2\/posts"}],"about":[{"href":"http:\/\/www.pamplonaortodoncia.com\/index.php?rest_route=\/wp\/v2\/types\/post"}],"author":[{"embeddable":true,"href":"http:\/\/www.pamplonaortodoncia.com\/index.php?rest_route=\/wp\/v2\/users\/3"}],"replies":[{"embeddable":true,"href":"http:\/\/www.pamplonaortodoncia.com\/index.php?rest_route=%2Fwp%2Fv2%2Fcomments&post=3081"}],"version-history":[{"count":0,"href":"http:\/\/www.pamplonaortodoncia.com\/index.php?rest_route=\/wp\/v2\/posts\/3081\/revisions"}],"wp:attachment":[{"href":"http:\/\/www.pamplonaortodoncia.com\/index.php?rest_route=%2Fwp%2Fv2%2Fmedia&parent=3081"}],"wp:term":[{"taxonomy":"category","embeddable":true,"href":"http:\/\/www.pamplonaortodoncia.com\/index.php?rest_route=%2Fwp%2Fv2%2Fcategories&post=3081"},{"taxonomy":"post_tag","embeddable":true,"href":"http:\/\/www.pamplonaortodoncia.com\/index.php?rest_route=%2Fwp%2Fv2%2Ftags&post=3081"}],"curies":[{"name":"wp","href":"https:\/\/api.w.org\/{rel}","templated":true}]}}