{"id":3198,"date":"2018-10-24T09:11:14","date_gmt":"2018-10-24T09:11:14","guid":{"rendered":"http:\/\/www.pamplonaortodoncia.com\/?p=3198"},"modified":"2018-10-24T09:11:14","modified_gmt":"2018-10-24T09:11:14","slug":"que-es-la-ortodoncia-interceptiva-y-cuando-es-necesaria","status":"publish","type":"post","link":"http:\/\/www.pamplonaortodoncia.com\/?p=3198","title":{"rendered":"\u00bfQu\u00e9 es la ortodoncia interceptiva y cu\u00e1ndo es necesaria?"},"content":{"rendered":"<p><img fetchpriority=\"high\" decoding=\"async\" class=\"size-full wp-image-3200\" src=\"http:\/\/www.pamplonaortodoncia.com\/wp-content\/uploads\/2018\/10\/intercep.jpg\" alt=\"\" width=\"900\" height=\"600\" srcset=\"http:\/\/www.pamplonaortodoncia.com\/wp-content\/uploads\/2018\/10\/intercep.jpg 900w, http:\/\/www.pamplonaortodoncia.com\/wp-content\/uploads\/2018\/10\/intercep-200x133.jpg 200w, http:\/\/www.pamplonaortodoncia.com\/wp-content\/uploads\/2018\/10\/intercep-350x233.jpg 350w, http:\/\/www.pamplonaortodoncia.com\/wp-content\/uploads\/2018\/10\/intercep-768x512.jpg 768w, http:\/\/www.pamplonaortodoncia.com\/wp-content\/uploads\/2018\/10\/intercep-100x67.jpg 100w, http:\/\/www.pamplonaortodoncia.com\/wp-content\/uploads\/2018\/10\/intercep-224x149.jpg 224w\" sizes=\"(max-width: 900px) 100vw, 900px\" \/><\/p>\n<p>La aplicaci\u00f3n de los tratamientos con ortodoncia se realiza, en muchas ocasiones, durante la infancia. \u00bfTe has preguntado alguna vez por qu\u00e9? Muy sencillo, porque se trata del momento en el que se desarrolla la mand\u00edbula y dentici\u00f3n del menor. En estos casos,<b> hablamos de los aparatos de ortodoncia interceptiva<\/b>, t\u00e9cnica de la que hoy te vamos a explicar todos los detalles. \u00a1Sigue leyendo!<\/p>\n<p>&nbsp;<\/p>\n<h2><b>\u00bfQu\u00e9 es la ortodoncia interceptiva y en qu\u00e9 consiste?<\/b><\/h2>\n<p>El nombre que se le ha asignado a este proceso viene de su propia naturaleza, ya que el objetivo es<b>\u201cinterceptar\u201d el crecimiento maxilofacial<\/b>. De esta manera, los profesionales m\u00e9dicos podr\u00e1n adelantarse a las posibles dificultades en la mordida y en la oclusi\u00f3n que se desarrollar\u00edan al terminar la fase de crecimiento.<\/p>\n<p>La tambi\u00e9n conocida como ortodoncia funcional <b>evita que los problemas que se podr\u00edan desarrollar durante la adolescencia tengan lugar<\/b>, o bien limita sustancialmente su alcance. En consecuencia, las patolog\u00edas orales y maxilares del paciente cuando sea adulto ser\u00e1n mucho m\u00e1s f\u00e1ciles de paliar.<\/p>\n<p>En caso de no aplicar este tipo de tratamientos a tiempo, la rectificaci\u00f3n de los desv\u00edos y dem\u00e1s problemas esquel\u00e9ticos cuando el paciente ya es mayor es mucho m\u00e1s engorrosa. Esto se debe a que llega un punto en el que <b>la anatom\u00eda se ha desarrollado por completo y resulta m\u00e1s complejo adaptarla y modificarla<\/b>. De hecho, en los casos m\u00e1s graves incluso ser\u00e1 necesaria la visita a un cirujano maxilofacial.<\/p>\n<p>&nbsp;<\/p>\n<h2><b>\u00bfCu\u00e1ndo debe comenzar la ortodoncia funcional en ni\u00f1os?<\/b><\/h2>\n<p>El tratamiento interceptivo suele aplicarse tras la erupci\u00f3n de los incisivos superiores e inferiores definitivos. En la mayor\u00eda de los ni\u00f1os esto sucede<b> sobre los 7 a\u00f1os<\/b>. Esto no quiere decir que posteriormente el paciente no necesite brackets, cuando haya perdido todos los dientes de leche.<\/p>\n<p>No obstante, este tratamiento ser\u00e1 mucho m\u00e1s sencillo. Y es que al aplicar uno previo para corregir deformaciones durante el desarrollo, esto simplificar\u00e1 el trabajo de los profesionales. Y adem\u00e1s<b>&nbsp;reducir\u00e1 en gran medida el tiempo que requiere el proceso para resultar efectivo.<\/b><\/p>\n<h2><b>Diferentes tipos de aparatos funcionales de ortodoncia<\/b><\/h2>\n<p>Seg\u00fan el tipo de problema al que se enfrente el ortodoncista, podr\u00e1 recomendar el uso de:<\/p>\n<ul>\n<li><b>M\u00e1scara de tracci\u00f3n extraoral<\/b>: enfocado a resolver problemas en la mordida derivados de irregularidades en los huesos faciales.<\/li>\n<li><b>Expansor o disyuntor dental:<\/b> se aplica en los casos de paladar ojival o hendido. El tratamiento suele durar tan solo unos meses.<\/li>\n<\/ul>\n<p><img decoding=\"async\" src=\"http:\/\/www.clinicaortodent.net\/wp-content\/uploads\/2018\/06\/Disyuntor-paladar.jpg\" alt=\"Imagen relacionada\"><\/p>\n<p>En cualquiera de los casos,<b> tras estos procesos se suelen incorporar unos brackets para tener garantizada una mordida id\u00f3nea <\/b>una vez transcurridos los a\u00f1os de crecimiento. As\u00ed se evita, como ya hemos comentado, la aplicaci\u00f3n de complejos tratamientos durante la etapa adulta.<\/p>\n<p>Si necesitas m\u00e1s informaci\u00f3n sobre la ortodoncia interceptiva en ni\u00f1os o tienes alguna consulta que hacernos, no dudes en ponerte en contacto con nosotros.&nbsp;<\/p>\n<h5>&nbsp;<\/h5>\n<h5><span style=\"color: #999999\">Fuente: Autor.Jorge Calvo<\/span><\/h5>\n<h5><span style=\"color: #999999\">https:\/\/ortodonciainvisiblesvmedical.es\/ortodoncia-interceptiva\/<\/span><\/h5>\n","protected":false},"excerpt":{"rendered":"<p>La aplicaci\u00f3n de los tratamientos con ortodoncia se realiza, en muchas ocasiones, durante la infancia. \u00bfTe has preguntado alguna vez por qu\u00e9? Muy sencillo, porque se trata del momento en el que se desarrolla la mand\u00edbula y dentici\u00f3n del menor. En estos casos, hablamos de los aparatos de ortodoncia interceptiva, t\u00e9cnica de la que hoy [&hellip;]<\/p>\n","protected":false},"author":3,"featured_media":0,"comment_status":"closed","ping_status":"open","sticky":false,"template":"","format":"standard","meta":{"_monsterinsights_skip_tracking":false,"_monsterinsights_sitenote_active":false,"_monsterinsights_sitenote_note":"","_monsterinsights_sitenote_category":0,"ngg_post_thumbnail":0,"footnotes":""},"categories":[5],"tags":[107,18,42,277],"class_list":["post-3198","post","type-post","status-publish","format-standard","hentry","category-blog","tag-brackets","tag-ninos","tag-ortodoncia","tag-tratamiento-interceptivo"],"_links":{"self":[{"href":"http:\/\/www.pamplonaortodoncia.com\/index.php?rest_route=\/wp\/v2\/posts\/3198","targetHints":{"allow":["GET"]}}],"collection":[{"href":"http:\/\/www.pamplonaortodoncia.com\/index.php?rest_route=\/wp\/v2\/posts"}],"about":[{"href":"http:\/\/www.pamplonaortodoncia.com\/index.php?rest_route=\/wp\/v2\/types\/post"}],"author":[{"embeddable":true,"href":"http:\/\/www.pamplonaortodoncia.com\/index.php?rest_route=\/wp\/v2\/users\/3"}],"replies":[{"embeddable":true,"href":"http:\/\/www.pamplonaortodoncia.com\/index.php?rest_route=%2Fwp%2Fv2%2Fcomments&post=3198"}],"version-history":[{"count":0,"href":"http:\/\/www.pamplonaortodoncia.com\/index.php?rest_route=\/wp\/v2\/posts\/3198\/revisions"}],"wp:attachment":[{"href":"http:\/\/www.pamplonaortodoncia.com\/index.php?rest_route=%2Fwp%2Fv2%2Fmedia&parent=3198"}],"wp:term":[{"taxonomy":"category","embeddable":true,"href":"http:\/\/www.pamplonaortodoncia.com\/index.php?rest_route=%2Fwp%2Fv2%2Fcategories&post=3198"},{"taxonomy":"post_tag","embeddable":true,"href":"http:\/\/www.pamplonaortodoncia.com\/index.php?rest_route=%2Fwp%2Fv2%2Ftags&post=3198"}],"curies":[{"name":"wp","href":"https:\/\/api.w.org\/{rel}","templated":true}]}}