{"id":3252,"date":"2019-01-15T16:14:43","date_gmt":"2019-01-15T16:14:43","guid":{"rendered":"http:\/\/www.pamplonaortodoncia.com\/?p=3252"},"modified":"2019-01-28T16:47:18","modified_gmt":"2019-01-28T16:47:18","slug":"un-estudio-refuerza-la-teoria-sobre-el-origen-del-alzheimer-una-infeccion-en-la-boca","status":"publish","type":"post","link":"http:\/\/www.pamplonaortodoncia.com\/?p=3252","title":{"rendered":"Un estudio refuerza la teor\u00eda sobre el origen del Alzh\u00e9imer: una infecci\u00f3n en la boca"},"content":{"rendered":"<h3 class=\"news-header-opening-txt\">El descubrimiento del pat\u00f3geno que provoca la periodontitis cr\u00f3nica en el cerebro de pacientes fallecidos de Alzheimer puede revolucionar los estudios sobre esta enfermedad<\/h3>\n<figure id=\"attachment_3255\" aria-describedby=\"caption-attachment-3255\" style=\"width: 996px\" class=\"wp-caption aligncenter\"><img fetchpriority=\"high\" decoding=\"async\" class=\"wp-image-3255 size-full\" src=\"http:\/\/www.pamplonaortodoncia.com\/wp-content\/uploads\/2019\/01\/PANO.jpg\" alt=\"\" width=\"996\" height=\"560\" srcset=\"http:\/\/www.pamplonaortodoncia.com\/wp-content\/uploads\/2019\/01\/PANO.jpg 996w, http:\/\/www.pamplonaortodoncia.com\/wp-content\/uploads\/2019\/01\/PANO-200x112.jpg 200w, http:\/\/www.pamplonaortodoncia.com\/wp-content\/uploads\/2019\/01\/PANO-350x197.jpg 350w, http:\/\/www.pamplonaortodoncia.com\/wp-content\/uploads\/2019\/01\/PANO-768x432.jpg 768w, http:\/\/www.pamplonaortodoncia.com\/wp-content\/uploads\/2019\/01\/PANO-100x56.jpg 100w, http:\/\/www.pamplonaortodoncia.com\/wp-content\/uploads\/2019\/01\/PANO-265x149.jpg 265w\" sizes=\"(max-width: 996px) 100vw, 996px\" \/><figcaption id=\"caption-attachment-3255\" class=\"wp-caption-text\">Un nuevo estudio sugiere que una mala salud bucal podr\u00eda provocar Alzheimer (Foto: Wikimedia)<\/figcaption><\/figure>\n<p>A lo largo de los \u00faltimos a\u00f1os, diversos cient\u00edficos han apuntado a una hip\u00f3tesis poco conocida sobre el origen del Alzheimer: seg\u00fan su teor\u00eda no ser\u00eda s\u00f3lo una enfermedad, sino una infecci\u00f3n. Ahora, un nuevo estudio publicado en Science Advances refuerza esa teor\u00eda y lo hace vinculando esa enfermedad degenerativa con un origen inesperado: una enfermedad en las enc\u00edas.<br \/>\nJan Potempa, microbi\u00f3logo de la Universidad de Louisville, ha descubierto \u2018Porphyromonas gingivalis\u2019 en el cerebro de pacientes fallecidos de Alzheimer. Se trata del pat\u00f3geno que provoca la periodontitis cr\u00f3nica, conocida como enfermedad de las enc\u00edas, y no es la primera vez que ambas enfermedades se asocian, ya que un estudio de 2010 ya valor\u00f3 esa posibilidad.<\/p>\n<p>A lo largo de los \u00faltimos a\u00f1os, diversos cient\u00edficos han apuntado a una hip\u00f3tesis poco conocida sobre el origen del Alzheimer: seg\u00fan su teor\u00eda no ser\u00eda s\u00f3lo una enfermedad, sino una infecci\u00f3n. Ahora, un nuevo estudio publicado en Science Advances refuerza esa teor\u00eda y lo hace vinculando esa enfermedad degenerativa con un origen inesperado: una enfermedad en las enc\u00edas.<br \/>\nJan Potempa, microbi\u00f3logo de la Universidad de Louisville, ha descubierto \u2018Porphyromonas gingivalis\u2019 en el cerebro de pacientes fallecidos de Alzheimer. Se trata del pat\u00f3geno que provoca la periodontitis cr\u00f3nica, conocida como enfermedad de las enc\u00edas, y no es la primera vez que ambas enfermedades se asocian, ya que un estudio de 2010 ya valor\u00f3 esa posibilidad.<\/p>\n<p>Un estudio de la Universidad de Washington concluye que tener problemas para orientarse es un s\u00edntoma de poder desarrollar la enfermedad<br \/>\nSe han llevado a cabo experimentos con ratones, en los que se provocaban infecciones orales con el pat\u00f3geno, que condujeron a que las bacterias llegaran al cerebro y que \u00e9ste produjera el p\u00e9ptido beta amiloide (A\u03b2), la prote\u00edna asociada con el Alzheimer. Los cient\u00edficos creen que a\u00fan no han descubierto el origen de esta enfermedad degenerativa, pero est\u00e1n convencidos de que esta l\u00ednea de investigaci\u00f3n es importante.<br \/>\nStephen Dominy, que coordina la investigaci\u00f3n a trav\u00e9s de la farmac\u00e9utica Cortexyme, asegura a Science Alert que &#8220;los agentes infecciosos han estado implicados en el desarrollo y la progresi\u00f3n del Alzheimer antes, pero la evidencia de la causalidad no hab\u00eda sido convincente. Ahora, por primera vez, tenemos pruebas s\u00f3lidas que conectan el pat\u00f3geno intracelular P. gingivalis y la enfermedad de Alzheimer&#8221;.<\/p>\n<h3>La importancia de la boca<\/h3>\n<p>Los investigares no se quedaron ah\u00ed e identificaron enzimas t\u00f3xicas llamadas gingipainas en el cerebro de pacientes con Alzheimer. Pero, adem\u00e1s, tambi\u00e9n encontraron esas gingipainas en cerebros de personas fallecidas que no fueron diagnosticadas con Alzheimer.<br \/>\nHasta ahora, el pat\u00f3geno Porphyromonas gingivalis y el Alzheimer se hab\u00edan relacionado pero no se sab\u00eda si la enfermedad de las enc\u00edas provoca Alzheimer o si es la demencia la que conduce a un cuidado bucal deficiente. Ahora, el hecho de encontrar gingipainas en personas que nunca fueron diagnosticadas de Alzheimer podr\u00eda sugerir que podr\u00edan haber desarrollado la enfermedad si hubieran vivido m\u00e1s tiempo.<\/p>\n<p>Los autores de la investigaci\u00f3n aseguran en su estudio que &#8220;nuestra identificaci\u00f3n de ant\u00edgenos de gingipaina en los cerebros de personas con enfermedad de Alzheimer y tambi\u00e9n con patolog\u00eda de esta enfermedad pero sin haber sido diagnosticados de demencia, sostiene que la infecci\u00f3n cerebral con Porphyromonas gingivalis <strong>no es el resultado de una atenci\u00f3n dental deficiente<\/strong> despu\u00e9s del inicio de la demencia o una consecuencia de la enfermedad, <strong>sino un evento temprano que puede explicar la patolog\u00eda<\/strong>encontrada en personas de mediana edad antes del deterioro cognitivo&#8221;.<\/p>\n<h5><span style=\"color: #999999\">Fuente:&nbsp;https:\/\/www.elconfidencial.com\/tecnologia\/ciencia\/2019-01-24\/<\/span><\/h5>\n<h5><span style=\"color: #999999\">origen-enfermedad-alzheimer-infeccion-bucal_1780010\/?utm_s<\/span><\/h5>\n","protected":false},"excerpt":{"rendered":"<p>El descubrimiento del pat\u00f3geno que provoca la periodontitis cr\u00f3nica en el cerebro de pacientes fallecidos de Alzheimer puede revolucionar los estudios sobre esta enfermedad A lo largo de los \u00faltimos a\u00f1os, diversos cient\u00edficos han apuntado a una hip\u00f3tesis poco conocida sobre el origen del Alzheimer: seg\u00fan su teor\u00eda no ser\u00eda s\u00f3lo una enfermedad, sino una [&hellip;]<\/p>\n","protected":false},"author":3,"featured_media":0,"comment_status":"closed","ping_status":"open","sticky":false,"template":"","format":"standard","meta":{"_monsterinsights_skip_tracking":false,"_monsterinsights_sitenote_active":false,"_monsterinsights_sitenote_note":"","_monsterinsights_sitenote_category":0,"ngg_post_thumbnail":0,"footnotes":""},"categories":[5],"tags":[286,94],"class_list":["post-3252","post","type-post","status-publish","format-standard","hentry","category-blog","tag-alzheimer","tag-estudio"],"_links":{"self":[{"href":"http:\/\/www.pamplonaortodoncia.com\/index.php?rest_route=\/wp\/v2\/posts\/3252","targetHints":{"allow":["GET"]}}],"collection":[{"href":"http:\/\/www.pamplonaortodoncia.com\/index.php?rest_route=\/wp\/v2\/posts"}],"about":[{"href":"http:\/\/www.pamplonaortodoncia.com\/index.php?rest_route=\/wp\/v2\/types\/post"}],"author":[{"embeddable":true,"href":"http:\/\/www.pamplonaortodoncia.com\/index.php?rest_route=\/wp\/v2\/users\/3"}],"replies":[{"embeddable":true,"href":"http:\/\/www.pamplonaortodoncia.com\/index.php?rest_route=%2Fwp%2Fv2%2Fcomments&post=3252"}],"version-history":[{"count":0,"href":"http:\/\/www.pamplonaortodoncia.com\/index.php?rest_route=\/wp\/v2\/posts\/3252\/revisions"}],"wp:attachment":[{"href":"http:\/\/www.pamplonaortodoncia.com\/index.php?rest_route=%2Fwp%2Fv2%2Fmedia&parent=3252"}],"wp:term":[{"taxonomy":"category","embeddable":true,"href":"http:\/\/www.pamplonaortodoncia.com\/index.php?rest_route=%2Fwp%2Fv2%2Fcategories&post=3252"},{"taxonomy":"post_tag","embeddable":true,"href":"http:\/\/www.pamplonaortodoncia.com\/index.php?rest_route=%2Fwp%2Fv2%2Ftags&post=3252"}],"curies":[{"name":"wp","href":"https:\/\/api.w.org\/{rel}","templated":true}]}}