{"id":3275,"date":"2019-03-06T11:27:56","date_gmt":"2019-03-06T11:27:56","guid":{"rendered":"http:\/\/www.pamplonaortodoncia.com\/?p=3275"},"modified":"2019-03-06T11:27:56","modified_gmt":"2019-03-06T11:27:56","slug":"manchas-en-los-dientes-de-los-ninos","status":"publish","type":"post","link":"http:\/\/www.pamplonaortodoncia.com\/?p=3275","title":{"rendered":"Manchas en los dientes de los ni\u00f1os"},"content":{"rendered":"<p>Los dientes, tanto los de leche como los definitivos no tienen por qu\u00e9 ser blancos marfil, si esto fuese as\u00ed, todos tendr\u00edamos unos dientes blancos nucleares y no existir\u00edan los distintos tonos de composite (empaste) para cada persona. Ahora bien, dentro de nuestro color \u201cnormal\u201d de diente, \u00bfqu\u00e9 pasa cuando el diente cambia de color o empieza a salir con un tono distinto al resto?<\/p>\n<p><img decoding=\"async\" class=\"wp-image-590 size-full aligncenter img-responsive\" src=\"https:\/\/i2.wp.com\/unamadreeneldentista.com\/wp-content\/uploads\/2015\/05\/dental-caries.png?resize=128%2C128&amp;ssl=1\" alt=\"manchas en los dientes \" width=\"116\" height=\"116\"><\/p>\n<p>Aqu\u00ed es donde deberemos poner atenci\u00f3n.<\/p>\n<h3><span id=\"Distintos_casos_de_manchas_en_los_dientes\">Distintos casos de manchas en los dientes<\/span><\/h3>\n<h5><strong><span id=\"Manchas_grises_o_marrones\">Manchas grises o marrones<\/span><\/strong><\/h5>\n<p>\u2013 Cuando&nbsp;<strong>despu\u00e9s de un golpe<\/strong>&nbsp;(traumatismo dental) el diente empieza a ponerse&nbsp;<strong>gris o marr\u00f3n<\/strong>, esto es porque existe una necrosis o gangrena pulpar, es decir, el diente se ha muerto. Puede inflamarse y volverse sensible al frio y al calor y duele bastante. No hay tratamiento que lo salve, hay que llevar al ni\u00f1o al dentista y valorar opciones.<\/p>\n<h5><span id=\"8211_Manchas_en_los_dientes_amarillas-verdosas_o_naranjas_sobre_todo_en_la_base_de_los_dientes\">\u2013&nbsp;<strong>Manchas en los dientes amarillas-verdosas o naranjas<\/strong>&nbsp;sobre todo en la base de los dientes.<\/span><\/h5>\n<p>Esto es causada por las bacterias acumuladas fruto de&nbsp;<strong>un mal cepillado de dientes<\/strong>.Hay que extremar la higiene y hacer bastante hincapi\u00e9 en esas zonas. En principio,se pueden quitar con el cepillo de dientes y manteniendo la buena higiene.<\/p>\n<h5><span id=\"8211_Manchas_en_los_dientes_de_color_negras_en_los_dientes\">\u2013&nbsp;<strong>Manchas en los dientes de color negras<\/strong>&nbsp;en los dientes.<\/span><\/h5>\n<p>Estos casos suele ser por la&nbsp;<strong>ingesta de suplementos a base de hierro<\/strong>. Dichas manchas no se quitar\u00e1n ni frotando ni raspando. Suelen desaparecer al cabo de un a\u00f1o. \u00bfC\u00f3mo evitarlas? administrando el suplemento o medicamento con un tubo de cristal evitando el contacto con los dientes.<\/p>\n<h5><span id=\"8211_Manchas_en_los_dientes_moteadas_blancas_o_de_color\">\u2013&nbsp;<strong>Manchas en los dientes moteadas, blancas o de color<\/strong>&nbsp;.<\/span><\/h5>\n<p>Esto es debido a la&nbsp;<strong>fluorosis<\/strong>, es decir,un exceso de ingesta de fl\u00faor a trav\u00e9s, por ejemplo, de la pasta de dientes. \u00c9sto ocasiona una&nbsp;p\u00e9rdida de esmalte, y al quedar expuesta la dentina del diente, \u00e9ste de mancha con sustancias que se depositan sobre \u00e9l.&nbsp;<\/p>\n<h5><span id=\"8211_Manchas_o_dientes_tenidos_de_amarillo_y_masadelantede_color_marron\">\u2013&nbsp;<strong>Manchas o dientes te\u00f1idos de amarillo y m\u00e1s&nbsp;adelante&nbsp;de color marr\u00f3n<\/strong><\/span><\/h5>\n<p>Ocasionada por&nbsp;<strong>tetraciclina.<\/strong>&nbsp;\u00bfY qu\u00e9 es \u00e9sto?, pues un antibi\u00f3tico que se puede administrar&nbsp;desde los seis meses de gestaci\u00f3n hasta los 12 a\u00f1os de vida. Como imaginar\u00e9is, hay que evitar tomarlo y deber\u00e9is consultar con vuestro m\u00e9dico.<\/p>\n<h5><span id=\"8211_Manchas_blancas\">\u2013&nbsp;<strong>Manchas blancas<\/strong><\/span><\/h5>\n<p>Ocasionadas por la&nbsp;<strong>caries.<\/strong>&nbsp;Pues si, la&nbsp;caries cuando comienza se ve como una mancha blanca, debido a la desmineralizaci\u00f3n del esmalte.&nbsp;<\/p>\n<p>M\u00e1s tarde, \u00e9stas caries se pueden poner de color marrones o negras si no las tratamos y como comentaba, debilitar todo el diente.<\/p>\n<h4><span id=\"Como_prevenir_las_manchas_en_los_dientes\">\u00bfC\u00f3mo prevenir las manchas en los dientes?<\/span><\/h4>\n<p>Y ahora bien, contestaros vosotros mismos, \u00bfcual es la mejor manera de prevenir todas estas manchas y problemas?<\/p>\n<p>\u00a1Eso es!: teniendo y&nbsp;<strong>manteniendo una buena higiene bucodental desde bien peque\u00f1os<\/strong>.<\/p>\n<p>\u00bfAlguno de vuestros peques tiene manchas de alg\u00fan tipo?<\/p>\n<h6><span style=\"color: #999999\">Fuente:&nbsp; https:\/\/unamadreeneldentista.com\/manchas-en-los-dientes-de-los-ninos\/<\/span><\/h6>\n","protected":false},"excerpt":{"rendered":"<p>Los dientes, tanto los de leche como los definitivos no tienen por qu\u00e9 ser blancos marfil, si esto fuese as\u00ed, todos tendr\u00edamos unos dientes blancos nucleares y no existir\u00edan los distintos tonos de composite (empaste) para cada persona. Ahora bien, dentro de nuestro color \u201cnormal\u201d de diente, \u00bfqu\u00e9 pasa cuando el diente cambia de color [&hellip;]<\/p>\n","protected":false},"author":3,"featured_media":0,"comment_status":"closed","ping_status":"open","sticky":false,"template":"","format":"standard","meta":{"_monsterinsights_skip_tracking":false,"_monsterinsights_sitenote_active":false,"_monsterinsights_sitenote_note":"","_monsterinsights_sitenote_category":0,"ngg_post_thumbnail":0,"footnotes":""},"categories":[5],"tags":[122,26,123,18],"class_list":["post-3275","post","type-post","status-publish","format-standard","hentry","category-blog","tag-caries","tag-dentista","tag-manchas-dientes","tag-ninos"],"_links":{"self":[{"href":"http:\/\/www.pamplonaortodoncia.com\/index.php?rest_route=\/wp\/v2\/posts\/3275","targetHints":{"allow":["GET"]}}],"collection":[{"href":"http:\/\/www.pamplonaortodoncia.com\/index.php?rest_route=\/wp\/v2\/posts"}],"about":[{"href":"http:\/\/www.pamplonaortodoncia.com\/index.php?rest_route=\/wp\/v2\/types\/post"}],"author":[{"embeddable":true,"href":"http:\/\/www.pamplonaortodoncia.com\/index.php?rest_route=\/wp\/v2\/users\/3"}],"replies":[{"embeddable":true,"href":"http:\/\/www.pamplonaortodoncia.com\/index.php?rest_route=%2Fwp%2Fv2%2Fcomments&post=3275"}],"version-history":[{"count":0,"href":"http:\/\/www.pamplonaortodoncia.com\/index.php?rest_route=\/wp\/v2\/posts\/3275\/revisions"}],"wp:attachment":[{"href":"http:\/\/www.pamplonaortodoncia.com\/index.php?rest_route=%2Fwp%2Fv2%2Fmedia&parent=3275"}],"wp:term":[{"taxonomy":"category","embeddable":true,"href":"http:\/\/www.pamplonaortodoncia.com\/index.php?rest_route=%2Fwp%2Fv2%2Fcategories&post=3275"},{"taxonomy":"post_tag","embeddable":true,"href":"http:\/\/www.pamplonaortodoncia.com\/index.php?rest_route=%2Fwp%2Fv2%2Ftags&post=3275"}],"curies":[{"name":"wp","href":"https:\/\/api.w.org\/{rel}","templated":true}]}}