{"id":3287,"date":"2019-03-28T11:05:13","date_gmt":"2019-03-28T11:05:13","guid":{"rendered":"http:\/\/www.pamplonaortodoncia.com\/?p=3287"},"modified":"2019-03-28T11:05:47","modified_gmt":"2019-03-28T11:05:47","slug":"aesor-advierte-de-que-la-colocacion-de-los-dientes-influye-en-la-salud","status":"publish","type":"post","link":"http:\/\/www.pamplonaortodoncia.com\/?p=3287","title":{"rendered":"Aesor advierte de que la colocaci\u00f3n de los dientes influye en la salud"},"content":{"rendered":"<figure id=\"attachment_3289\" aria-describedby=\"caption-attachment-3289\" style=\"width: 1000px\" class=\"wp-caption aligncenter\"><img fetchpriority=\"high\" decoding=\"async\" class=\"wp-image-3289 size-full\" src=\"http:\/\/www.pamplonaortodoncia.com\/wp-content\/uploads\/2019\/03\/SONRISA.jpg\" alt=\"\" width=\"1000\" height=\"667\" srcset=\"http:\/\/www.pamplonaortodoncia.com\/wp-content\/uploads\/2019\/03\/SONRISA.jpg 1000w, http:\/\/www.pamplonaortodoncia.com\/wp-content\/uploads\/2019\/03\/SONRISA-200x133.jpg 200w, http:\/\/www.pamplonaortodoncia.com\/wp-content\/uploads\/2019\/03\/SONRISA-350x233.jpg 350w, http:\/\/www.pamplonaortodoncia.com\/wp-content\/uploads\/2019\/03\/SONRISA-768x512.jpg 768w, http:\/\/www.pamplonaortodoncia.com\/wp-content\/uploads\/2019\/03\/SONRISA-100x67.jpg 100w, http:\/\/www.pamplonaortodoncia.com\/wp-content\/uploads\/2019\/03\/SONRISA-223x149.jpg 223w\" sizes=\"(max-width: 1000px) 100vw, 1000px\" \/><figcaption id=\"caption-attachment-3289\" class=\"wp-caption-text\">Un buen encaje de los dientes favorece la digesti\u00f3n, puesto que permite una masticaci\u00f3n m\u00e1s \u00f3ptima de los alimentos.<\/figcaption><\/figure>\n<p>Con motivo del&nbsp;<strong>D\u00eda Mundial de la Salud Bucodental<\/strong>, que se celebra el 20 de marzo, la&nbsp;<strong>Asociaci\u00f3n Espa\u00f1ola de Ortodoncistas (Aesor)<\/strong>&nbsp;advierte de que l<strong>a colocaci\u00f3n de los dientes influye directamente en la salud.<\/strong><\/p>\n<p>\u201cLa&nbsp;<strong>ortodoncia<\/strong>, como disciplina sanitaria, alinea los dientes y favorece la correcta limpieza, al permitir que los filamentos del cepillo accedan a todas las zonas de la boca. De esta manera, se evita la acumulaci\u00f3n de placa y sarro y las enc\u00edas est\u00e1n m\u00e1s sanas. As\u00ed,&nbsp;<strong>disminuye el riesgo de sufrir caries y periodontitis<\/strong>, un trastorno que puede provocar la p\u00e9rdida irreversible de los dientes y que se asocia a distintas enfermedades como las cardiovasculares, el c\u00e1ncer o la diabetes\u201d, apuntan desde la Asociaci\u00f3n.<\/p>\n<p>En cuanto a la salud oral, la&nbsp;<strong>Dra. Leonor Muelas, presidenta de Aesor,&nbsp;<\/strong>afirma que&nbsp;<strong>\u201ces m\u00e1s f\u00e1cil mantener una boca sana cuando los dientes est\u00e1n bien alineados\u201d<\/strong>. El encaje dentario, denominado oclusi\u00f3n, es otro factor en el que la ortodoncia es clave. Cuando los dientes no coinciden se produce una sobrecarga muscular, que puede degenerar en contracturas y en dolencias de las articulaciones. Esta maloclusi\u00f3n tambi\u00e9n provoca una presi\u00f3n entre los dientes que puede ocasionar su rotura y favorecer la aparici\u00f3n de dolor e infecciones.<\/p>\n<p>Seg\u00fan apunta la Dra. Muelas, \u201ces importante tener en cuenta la posici\u00f3n de los dientes y la relaci\u00f3n correcta entre los maxilares superior e inferior para que no surjan problemas articulares, musculares, respiratorios e, incluso, de autoestima\u201d.<\/p>\n<p>Asimismo, una buena oclusi\u00f3n dentaria est\u00e1 directamente relacionada con una mejora de la digesti\u00f3n, puesto que permite una masticaci\u00f3n m\u00e1s \u00f3ptima de los alimentos.<\/p>\n<h3>Medidas para una buena salud oral<\/h3>\n<p>Para llevar a cabo una correcta higiene bucal con cualquier tipo de ortodoncia, Aesor recomienda tener en cuenta las siguientes medidas:<\/p>\n<ul>\n<li>Cepillarse los dientes despu\u00e9s de cada comida, pues es la base para luchar contra la placa bacteriana.<\/li>\n<li>Usar un cepillo interproximal o seda dental al menos por la noche.<\/li>\n<li>Utilizar suavemente el cepillo para evitar da\u00f1os en la enc\u00eda.<\/li>\n<li>Cepillar desde las enc\u00edas hacia los extremos y en los espacios interdentales.<\/li>\n<li>Usar reveladores de placa bacteriana, que colorean aquellas zonas donde se acumula y que suelen ser las menos accesibles.<\/li>\n<li>No usar mucha pasta para limpiarnos los dientes. Con una dosis peque\u00f1a, el equivalente al tama\u00f1o de un guisante, es suficiente.<\/li>\n<li>Uso diario de enjuagues bucales con un colutorio espec\u00edfico para los pacientes con ortodoncia, que refuerza la lucha antibacteriana bucal.<\/li>\n<li>Adem\u00e1s de la higiene dental, es muy importante la limpieza de los aparatos, fijos o removibles, que se usan durante el tratamiento de ortodoncia.<\/li>\n<\/ul>\n<h6><span style=\"color: #999999\"><strong>Fuente:<\/strong>&nbsp; www.eldentistamoderno.com\/2019\/03\/aesor-advierte-de-que-la-colocacion-de-los-dientes-influye-en-la-salud<\/span>\/<\/h6>\n","protected":false},"excerpt":{"rendered":"<p>Con motivo del&nbsp;D\u00eda Mundial de la Salud Bucodental, que se celebra el 20 de marzo, la&nbsp;Asociaci\u00f3n Espa\u00f1ola de Ortodoncistas (Aesor)&nbsp;advierte de que la colocaci\u00f3n de los dientes influye directamente en la salud. \u201cLa&nbsp;ortodoncia, como disciplina sanitaria, alinea los dientes y favorece la correcta limpieza, al permitir que los filamentos del cepillo accedan a todas las [&hellip;]<\/p>\n","protected":false},"author":3,"featured_media":0,"comment_status":"closed","ping_status":"open","sticky":false,"template":"","format":"standard","meta":{"_monsterinsights_skip_tracking":false,"_monsterinsights_sitenote_active":false,"_monsterinsights_sitenote_note":"","_monsterinsights_sitenote_category":0,"ngg_post_thumbnail":0,"footnotes":""},"categories":[5],"tags":[288,109,239,276],"class_list":["post-3287","post","type-post","status-publish","format-standard","hentry","category-blog","tag-dia-mundial-de-la-salud-bucodental","tag-sonrisa","tag-sonrisa-bonita","tag-sonrisa-perfecta"],"_links":{"self":[{"href":"http:\/\/www.pamplonaortodoncia.com\/index.php?rest_route=\/wp\/v2\/posts\/3287","targetHints":{"allow":["GET"]}}],"collection":[{"href":"http:\/\/www.pamplonaortodoncia.com\/index.php?rest_route=\/wp\/v2\/posts"}],"about":[{"href":"http:\/\/www.pamplonaortodoncia.com\/index.php?rest_route=\/wp\/v2\/types\/post"}],"author":[{"embeddable":true,"href":"http:\/\/www.pamplonaortodoncia.com\/index.php?rest_route=\/wp\/v2\/users\/3"}],"replies":[{"embeddable":true,"href":"http:\/\/www.pamplonaortodoncia.com\/index.php?rest_route=%2Fwp%2Fv2%2Fcomments&post=3287"}],"version-history":[{"count":0,"href":"http:\/\/www.pamplonaortodoncia.com\/index.php?rest_route=\/wp\/v2\/posts\/3287\/revisions"}],"wp:attachment":[{"href":"http:\/\/www.pamplonaortodoncia.com\/index.php?rest_route=%2Fwp%2Fv2%2Fmedia&parent=3287"}],"wp:term":[{"taxonomy":"category","embeddable":true,"href":"http:\/\/www.pamplonaortodoncia.com\/index.php?rest_route=%2Fwp%2Fv2%2Fcategories&post=3287"},{"taxonomy":"post_tag","embeddable":true,"href":"http:\/\/www.pamplonaortodoncia.com\/index.php?rest_route=%2Fwp%2Fv2%2Ftags&post=3287"}],"curies":[{"name":"wp","href":"https:\/\/api.w.org\/{rel}","templated":true}]}}