{"id":847,"date":"2013-12-18T12:00:50","date_gmt":"2013-12-18T12:00:50","guid":{"rendered":"http:\/\/www.pamplonaortodoncia.com\/?p=847"},"modified":"2014-05-14T10:47:17","modified_gmt":"2014-05-14T10:47:17","slug":"video-de-la-campana-del-coem-por-una-odontologia-de-calidad","status":"publish","type":"post","link":"http:\/\/www.pamplonaortodoncia.com\/?p=847","title":{"rendered":"Video de la campa\u00f1a del COEM &#8220;Por una odontolog\u00eda de calidad&#8221;"},"content":{"rendered":"<p>El Colegio de Dentistas de Navarra, se ha unido a esta iniciativa y desde nuestra cl\u00ednica, y de acuerdo con la importante informaci\u00f3n que es para nuestros pacientes, tambi\u00e9n queremos sumarnos a esta campa\u00f1a\u00a0contra la publicidad enga\u00f1osa y desleal y el intrusismo profesional.<\/p>\n<p>\u00a1Difunde el v\u00eddeo!<\/p>\n<p><a href=\"http:\/\/vimeo.com\/82004978\" target=\"_blank\">http:\/\/vimeo.com\/82004978<\/a><\/p>\n","protected":false},"excerpt":{"rendered":"<p>El Colegio de Dentistas de Navarra, se ha unido a esta iniciativa y desde nuestra cl\u00ednica, y de acuerdo con la importante informaci\u00f3n que es para nuestros pacientes, tambi\u00e9n queremos sumarnos a esta campa\u00f1a\u00a0contra la publicidad enga\u00f1osa y desleal y el intrusismo profesional. \u00a1Difunde el v\u00eddeo! http:\/\/vimeo.com\/82004978<\/p>\n","protected":false},"author":3,"featured_media":0,"comment_status":"closed","ping_status":"open","sticky":false,"template":"","format":"standard","meta":{"_monsterinsights_skip_tracking":false,"_monsterinsights_sitenote_active":false,"_monsterinsights_sitenote_note":"","_monsterinsights_sitenote_category":0,"ngg_post_thumbnail":0,"footnotes":""},"categories":[5],"tags":[49,50,35],"class_list":["post-847","post","type-post","status-publish","format-standard","hentry","category-blog","tag-campana","tag-coem","tag-navarra"],"_links":{"self":[{"href":"http:\/\/www.pamplonaortodoncia.com\/index.php?rest_route=\/wp\/v2\/posts\/847","targetHints":{"allow":["GET"]}}],"collection":[{"href":"http:\/\/www.pamplonaortodoncia.com\/index.php?rest_route=\/wp\/v2\/posts"}],"about":[{"href":"http:\/\/www.pamplonaortodoncia.com\/index.php?rest_route=\/wp\/v2\/types\/post"}],"author":[{"embeddable":true,"href":"http:\/\/www.pamplonaortodoncia.com\/index.php?rest_route=\/wp\/v2\/users\/3"}],"replies":[{"embeddable":true,"href":"http:\/\/www.pamplonaortodoncia.com\/index.php?rest_route=%2Fwp%2Fv2%2Fcomments&post=847"}],"version-history":[{"count":0,"href":"http:\/\/www.pamplonaortodoncia.com\/index.php?rest_route=\/wp\/v2\/posts\/847\/revisions"}],"wp:attachment":[{"href":"http:\/\/www.pamplonaortodoncia.com\/index.php?rest_route=%2Fwp%2Fv2%2Fmedia&parent=847"}],"wp:term":[{"taxonomy":"category","embeddable":true,"href":"http:\/\/www.pamplonaortodoncia.com\/index.php?rest_route=%2Fwp%2Fv2%2Fcategories&post=847"},{"taxonomy":"post_tag","embeddable":true,"href":"http:\/\/www.pamplonaortodoncia.com\/index.php?rest_route=%2Fwp%2Fv2%2Ftags&post=847"}],"curies":[{"name":"wp","href":"https:\/\/api.w.org\/{rel}","templated":true}]}}