{"id":900,"date":"2014-02-10T18:01:40","date_gmt":"2014-02-10T18:01:40","guid":{"rendered":"http:\/\/www.pamplonaortodoncia.com\/?p=900"},"modified":"2014-05-14T10:24:57","modified_gmt":"2014-05-14T10:24:57","slug":"le-tengo-que-poner-aparatos-en-los-dientes","status":"publish","type":"post","link":"http:\/\/www.pamplonaortodoncia.com\/?p=900","title":{"rendered":"\u00bfLe tengo que poner aparatos en los dientes?"},"content":{"rendered":"ngg_shortcode_0_placeholder\n<p>Ni\u00f1o con brackets<\/p>\n<p>Los especialistas afirman que no existe una edad concreta para recomendar la ortodoncia, ya que depende de cada caso en particular.<\/p>\n<p>Cada vez es m\u00e1s com\u00fan que veamos tanto a ni\u00f1os como a adultos con aparato dental por la calle. El cuidado de los dientes se ha convertido en algo m\u00e1s que un tema de salud y suele primar m\u00e1s la est\u00e9tica, especialmente en las personas m\u00e1s mayores, que el cuidado de la salud dental.<\/p>\n<p>Es probable que tu hijo tenga los dientes descolocados, pero este no es el \u00fanico motivo por el que se debe colocar ortodoncia, los problemas de colocaci\u00f3n de la mand\u00edbula tambi\u00e9n requieren de este tipo de tratamiento.<\/p>\n<p>Si la mand\u00edbula superior de tu hijo es m\u00e1s grande que la inferior se produce lo que los especialistas conocen como sobremordida. Si por el contrario esto se produce al rev\u00e9s, se conoce como submordida.<\/p>\n<p><strong>Grandes avances en las ortodoncias<\/strong><\/p>\n<p>En ambos casos se est\u00e1 produciendo una maloclusi\u00f3n, que es la manera que tienen los odont\u00f3logos de definir una mala mordida. Esto provoca que se produzca la mala alineaci\u00f3n de los dientes.<\/p>\n<p>La odont\u00f3loga Lourdes Garc\u00eda Payo asegura que &#8220;No existe una edad espec\u00edfica en la que est\u00e9 recomendado el uso de una ortodoncia, depende de cada caso particular. Lo que s\u00ed es necesario es que el proceso de dentici\u00f3n definitiva se haya completado y no sea mixto, es decir, que no existan dientes de leche y definitivos al mismo tiempo, sino que la dentadura final est\u00e9 completa&#8221;.<\/p>\n<p><strong>Menudo disgusto<\/strong><\/p>\n<p>Es normal, que al darle la noticia al ni\u00f1o de que se le tiene que poner aparato &#8220;esto suponga un tremendo disgusto para \u00e9l, pero la t\u00e9cnica ha avanzado en todos los campos de la vida y en el de la odontolog\u00eda no iba a ser menos, por eso se le debe explicar que adem\u00e1s de ser tremendamente beneficioso para \u00e9l a la larga, ya existen aparatos de ortodoncia transparentes o de un color muy parecido al de sus dientes lo que disimular\u00e1 su uso.<\/p>\n<p>Incluso y dependiendo del tipo de problema que tenga el peque\u00f1o, existen tambi\u00e9n aparatos de ortodoncia que pueden colocarse en la parte traserade los dientes y no se ven.<\/p>\n<p>Es necesario recordar que la est\u00e9tica es importante, pero que la salud lo es a\u00fan m\u00e1s. Si el ni\u00f1o no mastica de forma adecuada, esto puede ser motivo de problemas digestivos a la larga, por eso resulta tan importante que el profesional valore cu\u00e1l es la necesidad bucodental del peque\u00f1o.<\/p>\n<p>Fuente: hola.com<\/p>\n<p>&nbsp;<\/p>\n<p>&nbsp;<\/p>\n<p>&nbsp;<\/p>\n<p>&nbsp;<\/p>\n","protected":false},"excerpt":{"rendered":"<p>Ni\u00f1o con brackets Los especialistas afirman que no existe una edad concreta para recomendar la ortodoncia, ya que depende de cada caso en particular. Cada vez es m\u00e1s com\u00fan que veamos tanto a ni\u00f1os como a adultos con aparato dental por la calle. El cuidado de los dientes se ha convertido en algo m\u00e1s que [&hellip;]<\/p>\n","protected":false},"author":3,"featured_media":0,"comment_status":"closed","ping_status":"open","sticky":false,"template":"","format":"standard","meta":{"_monsterinsights_skip_tracking":false,"_monsterinsights_sitenote_active":false,"_monsterinsights_sitenote_note":"","_monsterinsights_sitenote_category":0,"ngg_post_thumbnail":0,"footnotes":""},"categories":[5],"tags":[41,24,18,42],"class_list":["post-900","post","type-post","status-publish","format-standard","hentry","category-blog","tag-aparato","tag-dientes","tag-ninos","tag-ortodoncia"],"_links":{"self":[{"href":"http:\/\/www.pamplonaortodoncia.com\/index.php?rest_route=\/wp\/v2\/posts\/900","targetHints":{"allow":["GET"]}}],"collection":[{"href":"http:\/\/www.pamplonaortodoncia.com\/index.php?rest_route=\/wp\/v2\/posts"}],"about":[{"href":"http:\/\/www.pamplonaortodoncia.com\/index.php?rest_route=\/wp\/v2\/types\/post"}],"author":[{"embeddable":true,"href":"http:\/\/www.pamplonaortodoncia.com\/index.php?rest_route=\/wp\/v2\/users\/3"}],"replies":[{"embeddable":true,"href":"http:\/\/www.pamplonaortodoncia.com\/index.php?rest_route=%2Fwp%2Fv2%2Fcomments&post=900"}],"version-history":[{"count":0,"href":"http:\/\/www.pamplonaortodoncia.com\/index.php?rest_route=\/wp\/v2\/posts\/900\/revisions"}],"wp:attachment":[{"href":"http:\/\/www.pamplonaortodoncia.com\/index.php?rest_route=%2Fwp%2Fv2%2Fmedia&parent=900"}],"wp:term":[{"taxonomy":"category","embeddable":true,"href":"http:\/\/www.pamplonaortodoncia.com\/index.php?rest_route=%2Fwp%2Fv2%2Fcategories&post=900"},{"taxonomy":"post_tag","embeddable":true,"href":"http:\/\/www.pamplonaortodoncia.com\/index.php?rest_route=%2Fwp%2Fv2%2Ftags&post=900"}],"curies":[{"name":"wp","href":"https:\/\/api.w.org\/{rel}","templated":true}]}}