{"id":908,"date":"2014-03-03T16:06:32","date_gmt":"2014-03-03T16:06:32","guid":{"rendered":"http:\/\/www.pamplonaortodoncia.com\/?p=908"},"modified":"2014-05-14T10:24:14","modified_gmt":"2014-05-14T10:24:14","slug":"4-falsos-mitos-sobre-la-halitosis","status":"publish","type":"post","link":"http:\/\/www.pamplonaortodoncia.com\/?p=908","title":{"rendered":"4 Falsos mitos sobre la halitosis"},"content":{"rendered":"ngg_shortcode_0_placeholder\n<p>En los \u00faltimos a\u00f1os la halitosis ha despertado un gran inter\u00e9s entre la poblaci\u00f3n por sus complicaciones a nivel bucal y por sus repercusiones a nivel social y psicol\u00f3gico que puede afectar a la vida diaria de los pacientes y a sus relaciones sociales, afectivas y profesionales. A pesar de ello, existe una serie de falsos mitos alrededor de la halitosis que dificultan \u00a0su diagn\u00f3stico y tratamiento.<\/p>\n<p><strong>Baja prevalencia.<\/strong><\/p>\n<p>En ocasiones desconoce el problema debido a la incapacidad de oler el propio aliento o por la adaptaci\u00f3n de su sentido del olfato. En otras ocasiones para \u00e9l es un tema tab\u00fa. Por ello, la poblaci\u00f3n considera, err\u00f3neamente, la halitosis una situaci\u00f3n poco frecuente cuando, en realidad, es una condici\u00f3n bucal con una gran prevalencia entre la poblaci\u00f3n, ya que alrededor de un 30% de la poblaci\u00f3n adulta padece o ha padecido halitosis en alguna ocasi\u00f3n.<\/p>\n<p><strong>Etilog\u00eda erronea.<\/strong><\/p>\n<p>Se cree el origen de la halitosis es debido a problemas gastrointestinales. La realidad es que el 90% de los casos el origen est\u00e1 en la boca y solo un 10% se relaciona con otras patolog\u00edas. El mal olor se debe b\u00e1sicamente a la presencia de compuestos sulfurados vol\u00e1tiles (CSV) asociados con el metabolismo proteico de las bater\u00edas anaerobias gram-negativas presentes en la superficie de la lengua, el surco gingival y otras \u00e1reas de la cavidad bucal. Otras causas intraorales frecuentes son las siguientes; cubrimiento lingual, uso de pr\u00f3tesis u ortodoncia, alveolitis, osteomelitis o el consumo de tabaco y determinados alimentos.<\/p>\n<p><strong>No existe profesional de referencia.<\/strong><\/p>\n<p>Muchos pacientes no asocian al odont\u00f3logo como el especialista responsable de su diagn\u00f3stico y tratamiento y en muchos casos intentan encontrar una soluci\u00f3n por s\u00ed mismos o consultan con otros profesionales de la salud que no son los de referencia. La realidad es que el odont\u00f3logo es el profesional de referencia, quien se encargar\u00e1 de prevenir, diagnosticar y tratar la halitosis, adem\u00e1s de dar a conocer su relevancia.<\/p>\n<p><strong>No tiene soluci\u00f3n o tratamiento.<\/strong><\/p>\n<p>Muchas personas que padecen de halitosis no saben que su problem\u00e1tica se puede tratar, mejorar e incluso solucionar. Para combatir la halitosis es necesario hacer un diagn\u00f3stico diferencial atendiendo a toda la sintomatolog\u00eda que presente; despu\u00e9s, aplicar un tratamiento espec\u00edfico a trav\u00e9s de una dieta y unas pautasde higiene bucal con productos espec\u00edficos.<\/p>\n<p><em>Fuente: blogsaludbucal.es<\/em><\/p>\n","protected":false},"excerpt":{"rendered":"<p>En los \u00faltimos a\u00f1os la halitosis ha despertado un gran inter\u00e9s entre la poblaci\u00f3n por sus complicaciones a nivel bucal y por sus repercusiones a nivel social y psicol\u00f3gico que puede afectar a la vida diaria de los pacientes y a sus relaciones sociales, afectivas y profesionales. A pesar de ello, existe una serie de [&hellip;]<\/p>\n","protected":false},"author":3,"featured_media":0,"comment_status":"closed","ping_status":"open","sticky":false,"template":"","format":"standard","meta":{"_monsterinsights_skip_tracking":false,"_monsterinsights_sitenote_active":false,"_monsterinsights_sitenote_note":"","_monsterinsights_sitenote_category":0,"ngg_post_thumbnail":0,"footnotes":""},"categories":[5],"tags":[40,39],"class_list":["post-908","post","type-post","status-publish","format-standard","hentry","category-blog","tag-halitosis","tag-mitos"],"_links":{"self":[{"href":"http:\/\/www.pamplonaortodoncia.com\/index.php?rest_route=\/wp\/v2\/posts\/908","targetHints":{"allow":["GET"]}}],"collection":[{"href":"http:\/\/www.pamplonaortodoncia.com\/index.php?rest_route=\/wp\/v2\/posts"}],"about":[{"href":"http:\/\/www.pamplonaortodoncia.com\/index.php?rest_route=\/wp\/v2\/types\/post"}],"author":[{"embeddable":true,"href":"http:\/\/www.pamplonaortodoncia.com\/index.php?rest_route=\/wp\/v2\/users\/3"}],"replies":[{"embeddable":true,"href":"http:\/\/www.pamplonaortodoncia.com\/index.php?rest_route=%2Fwp%2Fv2%2Fcomments&post=908"}],"version-history":[{"count":0,"href":"http:\/\/www.pamplonaortodoncia.com\/index.php?rest_route=\/wp\/v2\/posts\/908\/revisions"}],"wp:attachment":[{"href":"http:\/\/www.pamplonaortodoncia.com\/index.php?rest_route=%2Fwp%2Fv2%2Fmedia&parent=908"}],"wp:term":[{"taxonomy":"category","embeddable":true,"href":"http:\/\/www.pamplonaortodoncia.com\/index.php?rest_route=%2Fwp%2Fv2%2Fcategories&post=908"},{"taxonomy":"post_tag","embeddable":true,"href":"http:\/\/www.pamplonaortodoncia.com\/index.php?rest_route=%2Fwp%2Fv2%2Ftags&post=908"}],"curies":[{"name":"wp","href":"https:\/\/api.w.org\/{rel}","templated":true}]}}