{"id":939,"date":"2014-03-20T17:26:29","date_gmt":"2014-03-20T17:26:29","guid":{"rendered":"http:\/\/www.pamplonaortodoncia.com\/?p=939"},"modified":"2014-05-14T10:22:48","modified_gmt":"2014-05-14T10:22:48","slug":"mascar-chicle-ocasiona-dolor-de-cabeza","status":"publish","type":"post","link":"http:\/\/www.pamplonaortodoncia.com\/?p=939","title":{"rendered":"Mascar chicle ocasiona dolor de cabeza"},"content":{"rendered":"ngg_shortcode_0_placeholder\n<p>Ni\u00f1a mascando chicle<\/p>\n<p>Muchos adjudican los dolores de cabeza en adolescentes a los v\u00eddeo juegos o a escuchar m\u00fasica a muy altos niveles, pero un reciente estudio revela que al mascar chicle ocasiona dolor de cabeza en j\u00f3venes.<\/p>\n<p>La investigaci\u00f3n implic\u00f3 que los adolescentes dejaran de mascar chicle y se encontr\u00f3 que en m\u00e1s de la mitad, el dolor de cabeza desapareci\u00f3 analizando a un grupo de 30 ni\u00f1os entre 6 y 19 a\u00f1os que sufr\u00edan de dolor de cabeza y mascaban chicle todos los d\u00edas.<\/p>\n<p>Se dividi\u00f3 a los ni\u00f1os en cuatro grupos con base en sus h\u00e1bitos para mascar chicle: una hora o menos al d\u00eda, de 1 a 3 horas, de 3 a 6 horas y m\u00e1s de 6 horas de mascar chicle al d\u00eda.<\/p>\n<p>Los investigadores encontraron que despu\u00e9s de suspender el mascar chicle, 26 de los 30 ni\u00f1os reportaron una mejor\u00eda significativa de su dolor de cabeza y 19 reportaron que sus dolores de cabeza desaparecieron.<\/p>\n<p>En todos los ni\u00f1os que volvieron a mascar chicle, el dolor de cabeza recurri\u00f3 en un lapso de una semana.<\/p>\n<p>Los autores del estudio publicado en la revista Pediatric Neurology notaron que el exceso de uso de la articulaci\u00f3n temporomandibular puede causar dolores de cabeza. Tambi\u00e9n surgirieron que el aspartame empleado como edulcorante puede ser otra causa potencial.<\/p>\n<p>&nbsp;<\/p>\n<p><em>Fuente: cuidatusaludcondiane.com<\/em><\/p>\n","protected":false},"excerpt":{"rendered":"<p>Ni\u00f1a mascando chicle Muchos adjudican los dolores de cabeza en adolescentes a los v\u00eddeo juegos o a escuchar m\u00fasica a muy altos niveles, pero un reciente estudio revela que al mascar chicle ocasiona dolor de cabeza en j\u00f3venes. La investigaci\u00f3n implic\u00f3 que los adolescentes dejaran de mascar chicle y se encontr\u00f3 que en m\u00e1s de [&hellip;]<\/p>\n","protected":false},"author":3,"featured_media":0,"comment_status":"closed","ping_status":"open","sticky":false,"template":"","format":"standard","meta":{"_monsterinsights_skip_tracking":false,"_monsterinsights_sitenote_active":false,"_monsterinsights_sitenote_note":"","_monsterinsights_sitenote_category":0,"ngg_post_thumbnail":0,"footnotes":""},"categories":[5],"tags":[20,24,21],"class_list":["post-939","post","type-post","status-publish","format-standard","hentry","category-blog","tag-chicle","tag-dientes","tag-dolor-cabeza"],"_links":{"self":[{"href":"http:\/\/www.pamplonaortodoncia.com\/index.php?rest_route=\/wp\/v2\/posts\/939","targetHints":{"allow":["GET"]}}],"collection":[{"href":"http:\/\/www.pamplonaortodoncia.com\/index.php?rest_route=\/wp\/v2\/posts"}],"about":[{"href":"http:\/\/www.pamplonaortodoncia.com\/index.php?rest_route=\/wp\/v2\/types\/post"}],"author":[{"embeddable":true,"href":"http:\/\/www.pamplonaortodoncia.com\/index.php?rest_route=\/wp\/v2\/users\/3"}],"replies":[{"embeddable":true,"href":"http:\/\/www.pamplonaortodoncia.com\/index.php?rest_route=%2Fwp%2Fv2%2Fcomments&post=939"}],"version-history":[{"count":0,"href":"http:\/\/www.pamplonaortodoncia.com\/index.php?rest_route=\/wp\/v2\/posts\/939\/revisions"}],"wp:attachment":[{"href":"http:\/\/www.pamplonaortodoncia.com\/index.php?rest_route=%2Fwp%2Fv2%2Fmedia&parent=939"}],"wp:term":[{"taxonomy":"category","embeddable":true,"href":"http:\/\/www.pamplonaortodoncia.com\/index.php?rest_route=%2Fwp%2Fv2%2Fcategories&post=939"},{"taxonomy":"post_tag","embeddable":true,"href":"http:\/\/www.pamplonaortodoncia.com\/index.php?rest_route=%2Fwp%2Fv2%2Ftags&post=939"}],"curies":[{"name":"wp","href":"https:\/\/api.w.org\/{rel}","templated":true}]}}